{"id":6392,"date":"2024-02-01T12:04:31","date_gmt":"2024-02-01T11:04:31","guid":{"rendered":"https:\/\/www.bmbf-wax.de\/?p=6392"},"modified":"2024-02-22T10:40:51","modified_gmt":"2024-02-22T09:40:51","slug":"start-der-neuen-social-media-reihe-die-deutschlandreise","status":"publish","type":"post","link":"https:\/\/www.bmbf-wax.de\/en\/start-der-neuen-social-media-reihe-die-deutschlandreise\/","title":{"rendered":"Start unserer Deutschlandreise auf Social Media"},"content":{"rendered":"\n<p>Mit WaX f\u00f6rdert das BMBF 12 Forschungsverb\u00fcnde, die neue Ans\u00e4tze zum Management von Wasserextremen, wie Starkregen, Hochwasser und D\u00fcrre entwickeln. Auf unserer Deutschlandreise stellen wir Ihnen die Untersuchungsstandorte der Verb\u00fcnde vor.<\/p>\n\n\n\n<p>Mit dem ersten Stopp in dieser Social-Media-Reihe besuchen wir die Landeswasserversorgung in Langenau bei Ulm als Praxispartner im Verbundprojekt TrinkXtrem.<\/p>\n\n\n\n<p><a href=\"https:\/\/www.instagram.com\/p\/C2zVmOuI4hS\/?utm_source=ig_web_copy_link\">Hier <\/a>gelangen Sie direkt zum Instagram-Post. <\/p>\n\n\n\n<p>Eine PDF-Version des Social-Media-Beitrags finden Sie in der \u00dcbersicht \u00fcber den nachfolgenden <a href=\"https:\/\/www.bmbf-wax.de\/deutschlandreise-der-bmbf-foerdermassnahme-wax\/\">Link<\/a>.<\/p>\n","protected":false},"excerpt":{"rendered":"<p>Mit WaX f\u00f6rdert das BMBF 12 Forschungsverb\u00fcnde, die neue Ans\u00e4tze zum Management von Wasserextremen, wie Starkregen, Hochwasser und D\u00fcrre entwickeln. Auf unserer Deutschlandreise stellen wir Ihnen die Untersuchungsstandorte der Verb\u00fcnde vor. Mit dem ersten Stopp in dieser Social-Media-Reihe besuchen wir die Landeswasserversorgung in Langenau bei Ulm als Praxispartner im Verbundprojekt TrinkXtrem. Hier gelangen Sie direkt [&hellip;]<\/p>\n","protected":false},"author":3,"featured_media":6431,"comment_status":"closed","ping_status":"closed","sticky":false,"template":"","format":"standard","meta":{"_acf_changed":false,"footnotes":""},"categories":[1],"tags":[],"class_list":["post-6392","post","type-post","status-publish","format-standard","has-post-thumbnail","hentry","category-unkategorisiert"],"acf":[],"yoast_head":"<!-- This site is optimized with the Yoast SEO plugin v24.9 - https:\/\/yoast.com\/wordpress\/plugins\/seo\/ -->\n<title>Home - BMBF WAX<\/title>\n<meta name=\"robots\" content=\"index, follow, max-snippet:-1, max-image-preview:large, max-video-preview:-1\" \/>\n<link rel=\"canonical\" href=\"https:\/\/www.bmbf-wax.de\/en\/start-der-neuen-social-media-reihe-die-deutschlandreise\/\" \/>\n<meta property=\"og:locale\" content=\"en_US\" \/>\n<meta property=\"og:type\" content=\"article\" \/>\n<meta property=\"og:title\" content=\"Home - BMBF WAX\" \/>\n<meta property=\"og:description\" content=\"Mit WaX f\u00f6rdert das BMBF 12 Forschungsverb\u00fcnde, die neue Ans\u00e4tze zum Management von Wasserextremen, wie Starkregen, Hochwasser und D\u00fcrre entwickeln. Auf unserer Deutschlandreise stellen wir Ihnen die Untersuchungsstandorte der Verb\u00fcnde vor. Mit dem ersten Stopp in dieser Social-Media-Reihe besuchen wir die Landeswasserversorgung in Langenau bei Ulm als Praxispartner im Verbundprojekt TrinkXtrem. Hier gelangen Sie direkt [&hellip;]\" \/>\n<meta property=\"og:url\" content=\"https:\/\/www.bmbf-wax.de\/en\/start-der-neuen-social-media-reihe-die-deutschlandreise\/\" \/>\n<meta property=\"og:site_name\" content=\"BMBF WAX\" \/>\n<meta property=\"article:published_time\" content=\"2024-02-01T11:04:31+00:00\" \/>\n<meta property=\"article:modified_time\" content=\"2024-02-22T09:40:51+00:00\" \/>\n<meta property=\"og:image\" content=\"https:\/\/www.bmbf-wax.de\/wp-content\/uploads\/Deutschlandreise_TrinkXtrem-1.png\" \/>\n\t<meta property=\"og:image:width\" content=\"1080\" \/>\n\t<meta property=\"og:image:height\" content=\"1080\" \/>\n\t<meta property=\"og:image:type\" content=\"image\/png\" \/>\n<meta name=\"author\" content=\"Andr\u00e9 Voth\" \/>\n<meta name=\"twitter:card\" content=\"summary_large_image\" \/>\n<meta name=\"twitter:label1\" content=\"Written by\" \/>\n\t<meta name=\"twitter:data1\" content=\"Andr\u00e9 Voth\" \/>\n\t<meta name=\"twitter:label2\" content=\"Est. reading time\" \/>\n\t<meta name=\"twitter:data2\" content=\"1 minute\" \/>\n<script type=\"application\/ld+json\" class=\"yoast-schema-graph\">{\"@context\":\"https:\/\/schema.org\",\"@graph\":[{\"@type\":\"Article\",\"@id\":\"https:\/\/www.bmbf-wax.de\/en\/start-der-neuen-social-media-reihe-die-deutschlandreise\/#article\",\"isPartOf\":{\"@id\":\"https:\/\/www.bmbf-wax.de\/en\/start-der-neuen-social-media-reihe-die-deutschlandreise\/\"},\"author\":{\"name\":\"Andr\u00e9 Voth\",\"@id\":\"https:\/\/www.bmbf-wax.de\/#\/schema\/person\/f5feef05772bb5693ff8d60764bdb161\"},\"headline\":\"Start unserer Deutschlandreise auf Social Media\",\"datePublished\":\"2024-02-01T11:04:31+00:00\",\"dateModified\":\"2024-02-22T09:40:51+00:00\",\"mainEntityOfPage\":{\"@id\":\"https:\/\/www.bmbf-wax.de\/en\/start-der-neuen-social-media-reihe-die-deutschlandreise\/\"},\"wordCount\":80,\"publisher\":{\"@id\":\"https:\/\/www.bmbf-wax.de\/#organization\"},\"image\":{\"@id\":\"https:\/\/www.bmbf-wax.de\/en\/start-der-neuen-social-media-reihe-die-deutschlandreise\/#primaryimage\"},\"thumbnailUrl\":\"https:\/\/www.bmbf-wax.de\/wp-content\/uploads\/Deutschlandreise_TrinkXtrem-1.png\",\"articleSection\":[\"Unkategorisiert\"],\"inLanguage\":\"en-US\"},{\"@type\":\"WebPage\",\"@id\":\"https:\/\/www.bmbf-wax.de\/en\/start-der-neuen-social-media-reihe-die-deutschlandreise\/\",\"url\":\"https:\/\/www.bmbf-wax.de\/en\/start-der-neuen-social-media-reihe-die-deutschlandreise\/\",\"name\":\"Home - BMBF WAX\",\"isPartOf\":{\"@id\":\"https:\/\/www.bmbf-wax.de\/#website\"},\"primaryImageOfPage\":{\"@id\":\"https:\/\/www.bmbf-wax.de\/en\/start-der-neuen-social-media-reihe-die-deutschlandreise\/#primaryimage\"},\"image\":{\"@id\":\"https:\/\/www.bmbf-wax.de\/en\/start-der-neuen-social-media-reihe-die-deutschlandreise\/#primaryimage\"},\"thumbnailUrl\":\"https:\/\/www.bmbf-wax.de\/wp-content\/uploads\/Deutschlandreise_TrinkXtrem-1.png\",\"datePublished\":\"2024-02-01T11:04:31+00:00\",\"dateModified\":\"2024-02-22T09:40:51+00:00\",\"breadcrumb\":{\"@id\":\"https:\/\/www.bmbf-wax.de\/en\/start-der-neuen-social-media-reihe-die-deutschlandreise\/#breadcrumb\"},\"inLanguage\":\"en-US\",\"potentialAction\":[{\"@type\":\"ReadAction\",\"target\":[\"https:\/\/www.bmbf-wax.de\/en\/start-der-neuen-social-media-reihe-die-deutschlandreise\/\"]}]},{\"@type\":\"ImageObject\",\"inLanguage\":\"en-US\",\"@id\":\"https:\/\/www.bmbf-wax.de\/en\/start-der-neuen-social-media-reihe-die-deutschlandreise\/#primaryimage\",\"url\":\"https:\/\/www.bmbf-wax.de\/wp-content\/uploads\/Deutschlandreise_TrinkXtrem-1.png\",\"contentUrl\":\"https:\/\/www.bmbf-wax.de\/wp-content\/uploads\/Deutschlandreise_TrinkXtrem-1.png\",\"width\":1080,\"height\":1080},{\"@type\":\"BreadcrumbList\",\"@id\":\"https:\/\/www.bmbf-wax.de\/en\/start-der-neuen-social-media-reihe-die-deutschlandreise\/#breadcrumb\",\"itemListElement\":[{\"@type\":\"ListItem\",\"position\":1,\"name\":\"Startseite\",\"item\":\"https:\/\/www.bmbf-wax.de\/\"},{\"@type\":\"ListItem\",\"position\":2,\"name\":\"Start unserer Deutschlandreise auf Social Media\"}]},{\"@type\":\"WebSite\",\"@id\":\"https:\/\/www.bmbf-wax.de\/#website\",\"url\":\"https:\/\/www.bmbf-wax.de\/\",\"name\":\"BMBF WAX\",\"description\":\"\",\"publisher\":{\"@id\":\"https:\/\/www.bmbf-wax.de\/#organization\"},\"potentialAction\":[{\"@type\":\"SearchAction\",\"target\":{\"@type\":\"EntryPoint\",\"urlTemplate\":\"https:\/\/www.bmbf-wax.de\/?s={search_term_string}\"},\"query-input\":{\"@type\":\"PropertyValueSpecification\",\"valueRequired\":true,\"valueName\":\"search_term_string\"}}],\"inLanguage\":\"en-US\"},{\"@type\":\"Organization\",\"@id\":\"https:\/\/www.bmbf-wax.de\/#organization\",\"name\":\"BMBF WAX\",\"url\":\"https:\/\/www.bmbf-wax.de\/\",\"logo\":{\"@type\":\"ImageObject\",\"inLanguage\":\"en-US\",\"@id\":\"https:\/\/www.bmbf-wax.de\/#\/schema\/logo\/image\/\",\"url\":\"https:\/\/www.bmbf-wax.de\/wp-content\/uploads\/WaX_Logo_RGB.png\",\"contentUrl\":\"https:\/\/www.bmbf-wax.de\/wp-content\/uploads\/WaX_Logo_RGB.png\",\"width\":2953,\"height\":1182,\"caption\":\"BMBF WAX\"},\"image\":{\"@id\":\"https:\/\/www.bmbf-wax.de\/#\/schema\/logo\/image\/\"}},{\"@type\":\"Person\",\"@id\":\"https:\/\/www.bmbf-wax.de\/#\/schema\/person\/f5feef05772bb5693ff8d60764bdb161\",\"name\":\"Andr\u00e9 Voth\",\"sameAs\":[\"http:\/\/dkkv.org\"],\"url\":\"https:\/\/www.bmbf-wax.de\/en\/author\/avoth\/\"}]}<\/script>\n<!-- \/ Yoast SEO plugin. -->","yoast_head_json":{"title":"Home - BMBF WAX","robots":{"index":"index","follow":"follow","max-snippet":"max-snippet:-1","max-image-preview":"max-image-preview:large","max-video-preview":"max-video-preview:-1"},"canonical":"https:\/\/www.bmbf-wax.de\/en\/start-der-neuen-social-media-reihe-die-deutschlandreise\/","og_locale":"en_US","og_type":"article","og_title":"Home - BMBF WAX","og_description":"Mit WaX f\u00f6rdert das BMBF 12 Forschungsverb\u00fcnde, die neue Ans\u00e4tze zum Management von Wasserextremen, wie Starkregen, Hochwasser und D\u00fcrre entwickeln. Auf unserer Deutschlandreise stellen wir Ihnen die Untersuchungsstandorte der Verb\u00fcnde vor. Mit dem ersten Stopp in dieser Social-Media-Reihe besuchen wir die Landeswasserversorgung in Langenau bei Ulm als Praxispartner im Verbundprojekt TrinkXtrem. Hier gelangen Sie direkt [&hellip;]","og_url":"https:\/\/www.bmbf-wax.de\/en\/start-der-neuen-social-media-reihe-die-deutschlandreise\/","og_site_name":"BMBF WAX","article_published_time":"2024-02-01T11:04:31+00:00","article_modified_time":"2024-02-22T09:40:51+00:00","og_image":[{"width":1080,"height":1080,"url":"https:\/\/www.bmbf-wax.de\/wp-content\/uploads\/Deutschlandreise_TrinkXtrem-1.png","type":"image\/png"}],"author":"Andr\u00e9 Voth","twitter_card":"summary_large_image","twitter_misc":{"Written by":"Andr\u00e9 Voth","Est. reading time":"1 minute"},"schema":{"@context":"https:\/\/schema.org","@graph":[{"@type":"Article","@id":"https:\/\/www.bmbf-wax.de\/en\/start-der-neuen-social-media-reihe-die-deutschlandreise\/#article","isPartOf":{"@id":"https:\/\/www.bmbf-wax.de\/en\/start-der-neuen-social-media-reihe-die-deutschlandreise\/"},"author":{"name":"Andr\u00e9 Voth","@id":"https:\/\/www.bmbf-wax.de\/#\/schema\/person\/f5feef05772bb5693ff8d60764bdb161"},"headline":"Start unserer Deutschlandreise auf Social Media","datePublished":"2024-02-01T11:04:31+00:00","dateModified":"2024-02-22T09:40:51+00:00","mainEntityOfPage":{"@id":"https:\/\/www.bmbf-wax.de\/en\/start-der-neuen-social-media-reihe-die-deutschlandreise\/"},"wordCount":80,"publisher":{"@id":"https:\/\/www.bmbf-wax.de\/#organization"},"image":{"@id":"https:\/\/www.bmbf-wax.de\/en\/start-der-neuen-social-media-reihe-die-deutschlandreise\/#primaryimage"},"thumbnailUrl":"https:\/\/www.bmbf-wax.de\/wp-content\/uploads\/Deutschlandreise_TrinkXtrem-1.png","articleSection":["Unkategorisiert"],"inLanguage":"en-US"},{"@type":"WebPage","@id":"https:\/\/www.bmbf-wax.de\/en\/start-der-neuen-social-media-reihe-die-deutschlandreise\/","url":"https:\/\/www.bmbf-wax.de\/en\/start-der-neuen-social-media-reihe-die-deutschlandreise\/","name":"Home - BMBF WAX","isPartOf":{"@id":"https:\/\/www.bmbf-wax.de\/#website"},"primaryImageOfPage":{"@id":"https:\/\/www.bmbf-wax.de\/en\/start-der-neuen-social-media-reihe-die-deutschlandreise\/#primaryimage"},"image":{"@id":"https:\/\/www.bmbf-wax.de\/en\/start-der-neuen-social-media-reihe-die-deutschlandreise\/#primaryimage"},"thumbnailUrl":"https:\/\/www.bmbf-wax.de\/wp-content\/uploads\/Deutschlandreise_TrinkXtrem-1.png","datePublished":"2024-02-01T11:04:31+00:00","dateModified":"2024-02-22T09:40:51+00:00","breadcrumb":{"@id":"https:\/\/www.bmbf-wax.de\/en\/start-der-neuen-social-media-reihe-die-deutschlandreise\/#breadcrumb"},"inLanguage":"en-US","potentialAction":[{"@type":"ReadAction","target":["https:\/\/www.bmbf-wax.de\/en\/start-der-neuen-social-media-reihe-die-deutschlandreise\/"]}]},{"@type":"ImageObject","inLanguage":"en-US","@id":"https:\/\/www.bmbf-wax.de\/en\/start-der-neuen-social-media-reihe-die-deutschlandreise\/#primaryimage","url":"https:\/\/www.bmbf-wax.de\/wp-content\/uploads\/Deutschlandreise_TrinkXtrem-1.png","contentUrl":"https:\/\/www.bmbf-wax.de\/wp-content\/uploads\/Deutschlandreise_TrinkXtrem-1.png","width":1080,"height":1080},{"@type":"BreadcrumbList","@id":"https:\/\/www.bmbf-wax.de\/en\/start-der-neuen-social-media-reihe-die-deutschlandreise\/#breadcrumb","itemListElement":[{"@type":"ListItem","position":1,"name":"Startseite","item":"https:\/\/www.bmbf-wax.de\/"},{"@type":"ListItem","position":2,"name":"Start unserer Deutschlandreise auf Social Media"}]},{"@type":"WebSite","@id":"https:\/\/www.bmbf-wax.de\/#website","url":"https:\/\/www.bmbf-wax.de\/","name":"BMBF WAX","description":"","publisher":{"@id":"https:\/\/www.bmbf-wax.de\/#organization"},"potentialAction":[{"@type":"SearchAction","target":{"@type":"EntryPoint","urlTemplate":"https:\/\/www.bmbf-wax.de\/?s={search_term_string}"},"query-input":{"@type":"PropertyValueSpecification","valueRequired":true,"valueName":"search_term_string"}}],"inLanguage":"en-US"},{"@type":"Organization","@id":"https:\/\/www.bmbf-wax.de\/#organization","name":"BMBF WAX","url":"https:\/\/www.bmbf-wax.de\/","logo":{"@type":"ImageObject","inLanguage":"en-US","@id":"https:\/\/www.bmbf-wax.de\/#\/schema\/logo\/image\/","url":"https:\/\/www.bmbf-wax.de\/wp-content\/uploads\/WaX_Logo_RGB.png","contentUrl":"https:\/\/www.bmbf-wax.de\/wp-content\/uploads\/WaX_Logo_RGB.png","width":2953,"height":1182,"caption":"BMBF WAX"},"image":{"@id":"https:\/\/www.bmbf-wax.de\/#\/schema\/logo\/image\/"}},{"@type":"Person","@id":"https:\/\/www.bmbf-wax.de\/#\/schema\/person\/f5feef05772bb5693ff8d60764bdb161","name":"Andr\u00e9 Voth","sameAs":["http:\/\/dkkv.org"],"url":"https:\/\/www.bmbf-wax.de\/en\/author\/avoth\/"}]}},"_links":{"self":[{"href":"https:\/\/www.bmbf-wax.de\/en\/wp-json\/wp\/v2\/posts\/6392","targetHints":{"allow":["GET"]}}],"collection":[{"href":"https:\/\/www.bmbf-wax.de\/en\/wp-json\/wp\/v2\/posts"}],"about":[{"href":"https:\/\/www.bmbf-wax.de\/en\/wp-json\/wp\/v2\/types\/post"}],"author":[{"embeddable":true,"href":"https:\/\/www.bmbf-wax.de\/en\/wp-json\/wp\/v2\/users\/3"}],"replies":[{"embeddable":true,"href":"https:\/\/www.bmbf-wax.de\/en\/wp-json\/wp\/v2\/comments?post=6392"}],"version-history":[{"count":4,"href":"https:\/\/www.bmbf-wax.de\/en\/wp-json\/wp\/v2\/posts\/6392\/revisions"}],"predecessor-version":[{"id":6525,"href":"https:\/\/www.bmbf-wax.de\/en\/wp-json\/wp\/v2\/posts\/6392\/revisions\/6525"}],"wp:featuredmedia":[{"embeddable":true,"href":"https:\/\/www.bmbf-wax.de\/en\/wp-json\/wp\/v2\/media\/6431"}],"wp:attachment":[{"href":"https:\/\/www.bmbf-wax.de\/en\/wp-json\/wp\/v2\/media?parent=6392"}],"wp:term":[{"taxonomy":"category","embeddable":true,"href":"https:\/\/www.bmbf-wax.de\/en\/wp-json\/wp\/v2\/categories?post=6392"},{"taxonomy":"post_tag","embeddable":true,"href":"https:\/\/www.bmbf-wax.de\/en\/wp-json\/wp\/v2\/tags?post=6392"}],"curies":[{"name":"wp","href":"https:\/\/api.w.org\/{rel}","templated":true}]}}