{"id":6370,"date":"2024-02-08T12:00:00","date_gmt":"2024-02-08T11:00:00","guid":{"rendered":"https:\/\/www.bmbf-wax.de\/?p=6370"},"modified":"2024-01-18T10:38:08","modified_gmt":"2024-01-18T09:38:08","slug":"bundespreis-blauer-kompass","status":"publish","type":"post","link":"https:\/\/www.bmbf-wax.de\/en\/bundespreis-blauer-kompass\/","title":{"rendered":"Bundespreis &#8220;Blauer Kompass&#8221;"},"content":{"rendered":"\n<p>Das Bundesumweltministerium und das Umweltbundesamt suchen bis zum <strong>22. M\u00e4rz 2024<\/strong> die besten Projekte zum Umgang mit Klimafolgen wie Hitze, D\u00fcrre und Starkregen. Der Preis richtet sich an Kommunen, private und kommunale Unternehmen, Bildungs- und Forschungseinrichtungen sowie Vereine, Verb\u00e4nde und Stiftungen.  Der Blaue Kompass ist mit einem Preisgeld von 25.000 \u20ac f\u00fcr die f\u00fcnf besten Preistr\u00e4ger:innen-Projekt dotiert und wird am 19. September 2024 im Bundesministerium f\u00fcr Umwelt, Naturschutz, nukleare Sicherheit und Verbraucherschutz in Berlin ausgezeichnet.<\/p>\n\n\n\n<p>Weitere Informationen k\u00f6nnen auf der Webseite des Umweltbundesamtes <a href=\"https:\/\/www.umweltbundesamt.de\/themen\/klima-energie\/klimafolgen-anpassung\/werkzeuge-der-anpassung\/tatenbank\/wettbewerb-tatenbank-blauer-kompass#jetzt-bewerben-bewerbungsfrist-endet-am-22-marz-2024-\">hier <\/a>eingesehen werden.<\/p>\n","protected":false},"excerpt":{"rendered":"<p>Das Bundesumweltministerium und das Umweltbundesamt suchen bis zum 22. M\u00e4rz 2024 die besten Projekte zum Umgang mit Klimafolgen wie Hitze, D\u00fcrre und Starkregen. Der Preis richtet sich an Kommunen, private und kommunale Unternehmen, Bildungs- und Forschungseinrichtungen sowie Vereine, Verb\u00e4nde und Stiftungen. Der Blaue Kompass ist mit einem Preisgeld von 25.000 \u20ac f\u00fcr die f\u00fcnf besten [&hellip;]<\/p>\n","protected":false},"author":3,"featured_media":6371,"comment_status":"closed","ping_status":"closed","sticky":false,"template":"","format":"standard","meta":{"_acf_changed":false,"footnotes":""},"categories":[1],"tags":[],"class_list":["post-6370","post","type-post","status-publish","format-standard","has-post-thumbnail","hentry","category-unkategorisiert"],"acf":[],"yoast_head":"<!-- This site is optimized with the Yoast SEO plugin v24.9 - https:\/\/yoast.com\/wordpress\/plugins\/seo\/ -->\n<title>Home - BMBF WAX<\/title>\n<meta name=\"robots\" content=\"index, follow, max-snippet:-1, max-image-preview:large, max-video-preview:-1\" \/>\n<link rel=\"canonical\" href=\"https:\/\/www.bmbf-wax.de\/en\/bundespreis-blauer-kompass\/\" \/>\n<meta property=\"og:locale\" content=\"en_US\" \/>\n<meta property=\"og:type\" content=\"article\" \/>\n<meta property=\"og:title\" content=\"Home - BMBF WAX\" \/>\n<meta property=\"og:description\" content=\"Das Bundesumweltministerium und das Umweltbundesamt suchen bis zum 22. M\u00e4rz 2024 die besten Projekte zum Umgang mit Klimafolgen wie Hitze, D\u00fcrre und Starkregen. Der Preis richtet sich an Kommunen, private und kommunale Unternehmen, Bildungs- und Forschungseinrichtungen sowie Vereine, Verb\u00e4nde und Stiftungen. Der Blaue Kompass ist mit einem Preisgeld von 25.000 \u20ac f\u00fcr die f\u00fcnf besten [&hellip;]\" \/>\n<meta property=\"og:url\" content=\"https:\/\/www.bmbf-wax.de\/en\/bundespreis-blauer-kompass\/\" \/>\n<meta property=\"og:site_name\" content=\"BMBF WAX\" \/>\n<meta property=\"article:published_time\" content=\"2024-02-08T11:00:00+00:00\" \/>\n<meta property=\"og:image\" content=\"https:\/\/www.bmbf-wax.de\/wp-content\/uploads\/Sharepic_BK_1zu1.png\" \/>\n\t<meta property=\"og:image:width\" content=\"1080\" \/>\n\t<meta property=\"og:image:height\" content=\"1080\" \/>\n\t<meta property=\"og:image:type\" content=\"image\/png\" \/>\n<meta name=\"author\" content=\"Andr\u00e9 Voth\" \/>\n<meta name=\"twitter:card\" content=\"summary_large_image\" \/>\n<meta name=\"twitter:label1\" content=\"Written by\" \/>\n\t<meta name=\"twitter:data1\" content=\"Andr\u00e9 Voth\" \/>\n\t<meta name=\"twitter:label2\" content=\"Est. reading time\" \/>\n\t<meta name=\"twitter:data2\" content=\"1 minute\" \/>\n<script type=\"application\/ld+json\" class=\"yoast-schema-graph\">{\"@context\":\"https:\/\/schema.org\",\"@graph\":[{\"@type\":\"Article\",\"@id\":\"https:\/\/www.bmbf-wax.de\/en\/bundespreis-blauer-kompass\/#article\",\"isPartOf\":{\"@id\":\"https:\/\/www.bmbf-wax.de\/en\/bundespreis-blauer-kompass\/\"},\"author\":{\"name\":\"Andr\u00e9 Voth\",\"@id\":\"https:\/\/www.bmbf-wax.de\/#\/schema\/person\/f5feef05772bb5693ff8d60764bdb161\"},\"headline\":\"Bundespreis &#8220;Blauer Kompass&#8221;\",\"datePublished\":\"2024-02-08T11:00:00+00:00\",\"mainEntityOfPage\":{\"@id\":\"https:\/\/www.bmbf-wax.de\/en\/bundespreis-blauer-kompass\/\"},\"wordCount\":92,\"publisher\":{\"@id\":\"https:\/\/www.bmbf-wax.de\/#organization\"},\"image\":{\"@id\":\"https:\/\/www.bmbf-wax.de\/en\/bundespreis-blauer-kompass\/#primaryimage\"},\"thumbnailUrl\":\"https:\/\/www.bmbf-wax.de\/wp-content\/uploads\/Sharepic_BK_1zu1.png\",\"articleSection\":[\"Unkategorisiert\"],\"inLanguage\":\"en-US\"},{\"@type\":\"WebPage\",\"@id\":\"https:\/\/www.bmbf-wax.de\/en\/bundespreis-blauer-kompass\/\",\"url\":\"https:\/\/www.bmbf-wax.de\/en\/bundespreis-blauer-kompass\/\",\"name\":\"Home - BMBF WAX\",\"isPartOf\":{\"@id\":\"https:\/\/www.bmbf-wax.de\/#website\"},\"primaryImageOfPage\":{\"@id\":\"https:\/\/www.bmbf-wax.de\/en\/bundespreis-blauer-kompass\/#primaryimage\"},\"image\":{\"@id\":\"https:\/\/www.bmbf-wax.de\/en\/bundespreis-blauer-kompass\/#primaryimage\"},\"thumbnailUrl\":\"https:\/\/www.bmbf-wax.de\/wp-content\/uploads\/Sharepic_BK_1zu1.png\",\"datePublished\":\"2024-02-08T11:00:00+00:00\",\"breadcrumb\":{\"@id\":\"https:\/\/www.bmbf-wax.de\/en\/bundespreis-blauer-kompass\/#breadcrumb\"},\"inLanguage\":\"en-US\",\"potentialAction\":[{\"@type\":\"ReadAction\",\"target\":[\"https:\/\/www.bmbf-wax.de\/en\/bundespreis-blauer-kompass\/\"]}]},{\"@type\":\"ImageObject\",\"inLanguage\":\"en-US\",\"@id\":\"https:\/\/www.bmbf-wax.de\/en\/bundespreis-blauer-kompass\/#primaryimage\",\"url\":\"https:\/\/www.bmbf-wax.de\/wp-content\/uploads\/Sharepic_BK_1zu1.png\",\"contentUrl\":\"https:\/\/www.bmbf-wax.de\/wp-content\/uploads\/Sharepic_BK_1zu1.png\",\"width\":1080,\"height\":1080},{\"@type\":\"BreadcrumbList\",\"@id\":\"https:\/\/www.bmbf-wax.de\/en\/bundespreis-blauer-kompass\/#breadcrumb\",\"itemListElement\":[{\"@type\":\"ListItem\",\"position\":1,\"name\":\"Startseite\",\"item\":\"https:\/\/www.bmbf-wax.de\/\"},{\"@type\":\"ListItem\",\"position\":2,\"name\":\"Bundespreis &#8220;Blauer Kompass&#8221;\"}]},{\"@type\":\"WebSite\",\"@id\":\"https:\/\/www.bmbf-wax.de\/#website\",\"url\":\"https:\/\/www.bmbf-wax.de\/\",\"name\":\"BMBF WAX\",\"description\":\"\",\"publisher\":{\"@id\":\"https:\/\/www.bmbf-wax.de\/#organization\"},\"potentialAction\":[{\"@type\":\"SearchAction\",\"target\":{\"@type\":\"EntryPoint\",\"urlTemplate\":\"https:\/\/www.bmbf-wax.de\/?s={search_term_string}\"},\"query-input\":{\"@type\":\"PropertyValueSpecification\",\"valueRequired\":true,\"valueName\":\"search_term_string\"}}],\"inLanguage\":\"en-US\"},{\"@type\":\"Organization\",\"@id\":\"https:\/\/www.bmbf-wax.de\/#organization\",\"name\":\"BMBF WAX\",\"url\":\"https:\/\/www.bmbf-wax.de\/\",\"logo\":{\"@type\":\"ImageObject\",\"inLanguage\":\"en-US\",\"@id\":\"https:\/\/www.bmbf-wax.de\/#\/schema\/logo\/image\/\",\"url\":\"https:\/\/www.bmbf-wax.de\/wp-content\/uploads\/WaX_Logo_RGB.png\",\"contentUrl\":\"https:\/\/www.bmbf-wax.de\/wp-content\/uploads\/WaX_Logo_RGB.png\",\"width\":2953,\"height\":1182,\"caption\":\"BMBF WAX\"},\"image\":{\"@id\":\"https:\/\/www.bmbf-wax.de\/#\/schema\/logo\/image\/\"}},{\"@type\":\"Person\",\"@id\":\"https:\/\/www.bmbf-wax.de\/#\/schema\/person\/f5feef05772bb5693ff8d60764bdb161\",\"name\":\"Andr\u00e9 Voth\",\"sameAs\":[\"http:\/\/dkkv.org\"],\"url\":\"https:\/\/www.bmbf-wax.de\/en\/author\/avoth\/\"}]}<\/script>\n<!-- \/ Yoast SEO plugin. -->","yoast_head_json":{"title":"Home - BMBF WAX","robots":{"index":"index","follow":"follow","max-snippet":"max-snippet:-1","max-image-preview":"max-image-preview:large","max-video-preview":"max-video-preview:-1"},"canonical":"https:\/\/www.bmbf-wax.de\/en\/bundespreis-blauer-kompass\/","og_locale":"en_US","og_type":"article","og_title":"Home - BMBF WAX","og_description":"Das Bundesumweltministerium und das Umweltbundesamt suchen bis zum 22. M\u00e4rz 2024 die besten Projekte zum Umgang mit Klimafolgen wie Hitze, D\u00fcrre und Starkregen. Der Preis richtet sich an Kommunen, private und kommunale Unternehmen, Bildungs- und Forschungseinrichtungen sowie Vereine, Verb\u00e4nde und Stiftungen. Der Blaue Kompass ist mit einem Preisgeld von 25.000 \u20ac f\u00fcr die f\u00fcnf besten [&hellip;]","og_url":"https:\/\/www.bmbf-wax.de\/en\/bundespreis-blauer-kompass\/","og_site_name":"BMBF WAX","article_published_time":"2024-02-08T11:00:00+00:00","og_image":[{"width":1080,"height":1080,"url":"https:\/\/www.bmbf-wax.de\/wp-content\/uploads\/Sharepic_BK_1zu1.png","type":"image\/png"}],"author":"Andr\u00e9 Voth","twitter_card":"summary_large_image","twitter_misc":{"Written by":"Andr\u00e9 Voth","Est. reading time":"1 minute"},"schema":{"@context":"https:\/\/schema.org","@graph":[{"@type":"Article","@id":"https:\/\/www.bmbf-wax.de\/en\/bundespreis-blauer-kompass\/#article","isPartOf":{"@id":"https:\/\/www.bmbf-wax.de\/en\/bundespreis-blauer-kompass\/"},"author":{"name":"Andr\u00e9 Voth","@id":"https:\/\/www.bmbf-wax.de\/#\/schema\/person\/f5feef05772bb5693ff8d60764bdb161"},"headline":"Bundespreis &#8220;Blauer Kompass&#8221;","datePublished":"2024-02-08T11:00:00+00:00","mainEntityOfPage":{"@id":"https:\/\/www.bmbf-wax.de\/en\/bundespreis-blauer-kompass\/"},"wordCount":92,"publisher":{"@id":"https:\/\/www.bmbf-wax.de\/#organization"},"image":{"@id":"https:\/\/www.bmbf-wax.de\/en\/bundespreis-blauer-kompass\/#primaryimage"},"thumbnailUrl":"https:\/\/www.bmbf-wax.de\/wp-content\/uploads\/Sharepic_BK_1zu1.png","articleSection":["Unkategorisiert"],"inLanguage":"en-US"},{"@type":"WebPage","@id":"https:\/\/www.bmbf-wax.de\/en\/bundespreis-blauer-kompass\/","url":"https:\/\/www.bmbf-wax.de\/en\/bundespreis-blauer-kompass\/","name":"Home - BMBF WAX","isPartOf":{"@id":"https:\/\/www.bmbf-wax.de\/#website"},"primaryImageOfPage":{"@id":"https:\/\/www.bmbf-wax.de\/en\/bundespreis-blauer-kompass\/#primaryimage"},"image":{"@id":"https:\/\/www.bmbf-wax.de\/en\/bundespreis-blauer-kompass\/#primaryimage"},"thumbnailUrl":"https:\/\/www.bmbf-wax.de\/wp-content\/uploads\/Sharepic_BK_1zu1.png","datePublished":"2024-02-08T11:00:00+00:00","breadcrumb":{"@id":"https:\/\/www.bmbf-wax.de\/en\/bundespreis-blauer-kompass\/#breadcrumb"},"inLanguage":"en-US","potentialAction":[{"@type":"ReadAction","target":["https:\/\/www.bmbf-wax.de\/en\/bundespreis-blauer-kompass\/"]}]},{"@type":"ImageObject","inLanguage":"en-US","@id":"https:\/\/www.bmbf-wax.de\/en\/bundespreis-blauer-kompass\/#primaryimage","url":"https:\/\/www.bmbf-wax.de\/wp-content\/uploads\/Sharepic_BK_1zu1.png","contentUrl":"https:\/\/www.bmbf-wax.de\/wp-content\/uploads\/Sharepic_BK_1zu1.png","width":1080,"height":1080},{"@type":"BreadcrumbList","@id":"https:\/\/www.bmbf-wax.de\/en\/bundespreis-blauer-kompass\/#breadcrumb","itemListElement":[{"@type":"ListItem","position":1,"name":"Startseite","item":"https:\/\/www.bmbf-wax.de\/"},{"@type":"ListItem","position":2,"name":"Bundespreis &#8220;Blauer Kompass&#8221;"}]},{"@type":"WebSite","@id":"https:\/\/www.bmbf-wax.de\/#website","url":"https:\/\/www.bmbf-wax.de\/","name":"BMBF WAX","description":"","publisher":{"@id":"https:\/\/www.bmbf-wax.de\/#organization"},"potentialAction":[{"@type":"SearchAction","target":{"@type":"EntryPoint","urlTemplate":"https:\/\/www.bmbf-wax.de\/?s={search_term_string}"},"query-input":{"@type":"PropertyValueSpecification","valueRequired":true,"valueName":"search_term_string"}}],"inLanguage":"en-US"},{"@type":"Organization","@id":"https:\/\/www.bmbf-wax.de\/#organization","name":"BMBF WAX","url":"https:\/\/www.bmbf-wax.de\/","logo":{"@type":"ImageObject","inLanguage":"en-US","@id":"https:\/\/www.bmbf-wax.de\/#\/schema\/logo\/image\/","url":"https:\/\/www.bmbf-wax.de\/wp-content\/uploads\/WaX_Logo_RGB.png","contentUrl":"https:\/\/www.bmbf-wax.de\/wp-content\/uploads\/WaX_Logo_RGB.png","width":2953,"height":1182,"caption":"BMBF WAX"},"image":{"@id":"https:\/\/www.bmbf-wax.de\/#\/schema\/logo\/image\/"}},{"@type":"Person","@id":"https:\/\/www.bmbf-wax.de\/#\/schema\/person\/f5feef05772bb5693ff8d60764bdb161","name":"Andr\u00e9 Voth","sameAs":["http:\/\/dkkv.org"],"url":"https:\/\/www.bmbf-wax.de\/en\/author\/avoth\/"}]}},"_links":{"self":[{"href":"https:\/\/www.bmbf-wax.de\/en\/wp-json\/wp\/v2\/posts\/6370","targetHints":{"allow":["GET"]}}],"collection":[{"href":"https:\/\/www.bmbf-wax.de\/en\/wp-json\/wp\/v2\/posts"}],"about":[{"href":"https:\/\/www.bmbf-wax.de\/en\/wp-json\/wp\/v2\/types\/post"}],"author":[{"embeddable":true,"href":"https:\/\/www.bmbf-wax.de\/en\/wp-json\/wp\/v2\/users\/3"}],"replies":[{"embeddable":true,"href":"https:\/\/www.bmbf-wax.de\/en\/wp-json\/wp\/v2\/comments?post=6370"}],"version-history":[{"count":1,"href":"https:\/\/www.bmbf-wax.de\/en\/wp-json\/wp\/v2\/posts\/6370\/revisions"}],"predecessor-version":[{"id":6373,"href":"https:\/\/www.bmbf-wax.de\/en\/wp-json\/wp\/v2\/posts\/6370\/revisions\/6373"}],"wp:featuredmedia":[{"embeddable":true,"href":"https:\/\/www.bmbf-wax.de\/en\/wp-json\/wp\/v2\/media\/6371"}],"wp:attachment":[{"href":"https:\/\/www.bmbf-wax.de\/en\/wp-json\/wp\/v2\/media?parent=6370"}],"wp:term":[{"taxonomy":"category","embeddable":true,"href":"https:\/\/www.bmbf-wax.de\/en\/wp-json\/wp\/v2\/categories?post=6370"},{"taxonomy":"post_tag","embeddable":true,"href":"https:\/\/www.bmbf-wax.de\/en\/wp-json\/wp\/v2\/tags?post=6370"}],"curies":[{"name":"wp","href":"https:\/\/api.w.org\/{rel}","templated":true}]}}