{"id":5283,"date":"2023-10-06T09:17:59","date_gmt":"2023-10-06T07:17:59","guid":{"rendered":"https:\/\/www.bmbf-wax.de\/?p=5283"},"modified":"2023-10-06T09:35:33","modified_gmt":"2023-10-06T07:35:33","slug":"halbzeit-der-foerdermassnahme-wax-statusseminar-an-der-universitaet-potsdam","status":"publish","type":"post","link":"https:\/\/www.bmbf-wax.de\/en\/halbzeit-der-foerdermassnahme-wax-statusseminar-an-der-universitaet-potsdam\/","title":{"rendered":"Halbzeit der F\u00f6rderma\u00dfnahme \u2013 WaX-Statusseminar an der Universit\u00e4t Potsdam"},"content":{"rendered":"\n<p>Halbzeitkonferenz in Potsdam \u2013 zur Mitte der BMBF-F\u00f6rderma\u00dfnahme WaX (Wasser-Extremereignisse) trafen sich am 20. und 21. September 2023 die WaX-Verb\u00fcnde sowie weitere Interessierte aus Forschung, Praxis und Politik zum Statusseminar an der Universit\u00e4t Potsdam, um gemeinsam die bisherigen Ergebnisse und Erkenntnisse der Forschungsverb\u00fcnde zu diskutieren. Wasserextremereignisse sind so aktuell, wie selten zuvor. \u201eIn diesem Jahr hat man insbesondere im Mittelmeerraum gesehen, wie schnell auf Trockenheit und Br\u00e4nde Starkregen mit \u00dcberflutungen folgen k\u00f6nnen\u201c, sagt Prof. Dr. Annegret Thieken, Professorin an der Universit\u00e4t Potsdam. Gemeinsam mit dem Deutschen Komitee Katastrophenvorsorge e.V. (DKKV) begleitet diese die F\u00f6rderma\u00dfnahme im Vernetzungsvorhaben, das auch die Organisation des Statusseminars \u00fcbernahm.<\/p>\n\n\n\n<p>An den beiden Tagen erhielten die rund 180 G\u00e4ste durch Vortr\u00e4ge und eine Poster-Ausstellung vielf\u00e4ltige Einblicke in die aktuellen Arbeiten und bisherigen Erkenntnisse der zw\u00f6lf Forschungsverb\u00fcnde. Er\u00f6ffnet wurde die Veranstaltung von MinDirig\u2019in Oda Keppler, Unterabteilungsleiterin Nachhaltigkeit und Zukunftsvorsorge im Bundesministerium f\u00fcr Bildung und Forschung (BMBF), die die Notwendigkeit f\u00fcr neue Ans\u00e4tze f\u00fcr ein klimaangepasstes Management von hydrologischen Extremen betonte. Nur so k\u00f6nnen die Auswirkungen auf Wirtschaft, Wasserversorgung und \u00d6kologie verringert werden. Im Anschluss zeigte die Gastrednerin Dr. Claudia Castell-Exner des Deutschen Vereins des Gas- und Wasserfaches (DVGW) und ehemalige Pr\u00e4sidentin der EurEau, der europ\u00e4ischen Vereinigung der nationalen Verb\u00e4nde in der Wasserver- und Abwasserentsorgung, aktuelle Entwicklungen im europ\u00e4ischen Umfeld im Bereich Wassermanagement auf. Nach einer kurzen Einf\u00fchrung in die gesamte F\u00f6rderma\u00dfnahme durch Laure Cuny vom zust\u00e4ndigen Projekttr\u00e4ger Karlsruhe (PTKA), gab Dr. Benni Thiebes vom DKKV und Koordinator des Vernetzungsvorhabens einen kurzen Einblick in die bisherigen \u00fcbergreifenden Vernetzungsaktivit\u00e4ten.<\/p>\n\n\n\n<p>Den aktuellen Stand der Forschungsprojekte pr\u00e4sentierten die zw\u00f6lf Koordinator:innen unterteilt in die drei Themenfelder von WaX: (1) Urbane extreme Wasserereignisse, (2) Digitale Instrumente f\u00fcr Monitoring, Analyse, Vorhersage und Kommunikation und (3) Risikomanagement gegens\u00e4tzlicher hydrologischer Extreme. Im Anschluss fand jeweils eine \u00fcbergreifende Diskussion mit allen Referierenden eines Themenbereichs statt. Spannende Diskussionspunkte waren z.B. der \u00f6konomische Wert des Wassers oder welche Schnittstellen zur Datenintegration in den verschiedenen Bereichen genutzt werden. Neben Diskussionen \u00fcber technische Details, Methoden und Daten wurde u.a. die \u00dcbertragbarkeit der Ergebnisse diskutiert. Wie kann zum Beispiel sichergestellt werden, dass es nicht nur um eine Einzelfalll\u00f6sungen handelt?<\/p>\n\n\n\n<p>In den Pausen konnte ein individueller Austausch an den Postern stattfinden. Hier hatten die Mitarbeitenden die Gelegenheit ihre Arbeitspakete ausf\u00fchrlicher darzustellen. W\u00e4hrend einer Poster-F\u00fchrung konnten die Autor:innen weiterhin mit kurzen Pitches ihre Arbeit vorstellen, um vertiefte Diskussionen im Anschluss zu er\u00f6ffnen. Am Mittwochnachmittag fanden zus\u00e4tzlich vier parallele Workshops statt. Im Workshop zu Kommunikation und Partizipation in Forschungsprojekten wurde ein besonderer Fokus auf die Risikokommunikation von Wasserextremen und den damit einhergehenden Herausforderungen gelegt. Der Transfer von wissenschaftlichen Erkenntnissen in die Praxis wurde in einem zweiten Workshop thematisiert, darunter z.B. Herausforderungen bzgl. der Finanzierung und der Arbeitsintegration in der Praxis. Ein weiterer Workshop widmete sich der Wasserspeicherung in der Landschaft. Dabei wurden die verschiedenen Verfahren der Wasserspeicherung in den Verb\u00fcnden vorgestellt und diskutiert, sei es oberirisch, oberfl\u00e4chennah oder in der Tiefe. Im vierten Workshop wurde das breite Spektrum methodischer Ans\u00e4tze aus der Informatik thematisiert. Dabei wurde diskutiert, welche Chancen und Erwartungen der Einsatz von K\u00fcnstlicher Intelligenz in der Hydrologie bietet und welche Herausforderungen und Grenzen dabei bestehen. Ausf\u00fchrlichere Berichte zu den vier Workshops finden Sie in K\u00fcrze <a href=\"https:\/\/www.bmbf-wax.de\/querschnittsthemen\/\" target=\"_blank\" rel=\"noreferrer noopener\">hier<\/a>.<\/p>\n\n\n\n<p>Die Gespr\u00e4che und Diskussionen wurden am Mittwochabend unter musikalischer Begleitung im Foyer und im Innenhof der Universit\u00e4t fortgef\u00fchrt. So konnten zahlreiche Synergien und Ankn\u00fcpfungspunkte verfolgt werden und informeller Austausch stattfinden.<\/p>\n\n\n\n<p>In der zweiten F\u00f6rderh\u00e4lfte des Verbundvorhabens wird nun der Fokus st\u00e4rker auf Anwender:innen aus der Praxis gelegt. Die Ergebnisse der Forschungsverb\u00fcnde k\u00f6nnen so geb\u00fcndelt durch entsprechende Austauschformate mit Praxispartnern weiter diskutiert werden. Eine Br\u00fccke zwischen Forschung und Praxisanwendung zu schaffen ist hierbei ein wichtiges Ziel, um die Ergebnisse umsetzen zu k\u00f6nnen und die Auswirkungen von Wasserextremereignissen in der Zukunft zu minimieren.<\/p>\n\n\n\n<p>Die Poster der Verbundprojekte und die Tagungsbrosch\u00fcre mit einer \u00dcbersicht zu den bisherigen Ergebnissen der Verb\u00fcnde finden Sie <a href=\"https:\/\/www.bmbf-wax.de\/ergebnisse-publikationen\/wax-veroeffentlichungen\/\" target=\"_blank\" rel=\"noreferrer noopener\">hier<\/a>.<\/p>\n\n\n\n<p>Bei R\u00fcckfragen oder Anmerkungen zum Statusseminar k\u00f6nnen Sie sich gerne unter <a href=\"mailto:wax@dkkv.org\">wax@dkkv.org<\/a> melden.<\/p>\n","protected":false},"excerpt":{"rendered":"<p>Halbzeitkonferenz in Potsdam \u2013 zur Mitte der BMBF-F\u00f6rderma\u00dfnahme WaX (Wasser-Extremereignisse) trafen sich am 20. und 21. September 2023 die WaX-Verb\u00fcnde sowie weitere Interessierte aus Forschung, Praxis und Politik zum Statusseminar an der Universit\u00e4t Potsdam, um gemeinsam die bisherigen Ergebnisse und Erkenntnisse der Forschungsverb\u00fcnde zu diskutieren. Wasserextremereignisse sind so aktuell, wie selten zuvor. \u201eIn diesem Jahr [&hellip;]<\/p>\n","protected":false},"author":2,"featured_media":5286,"comment_status":"closed","ping_status":"closed","sticky":false,"template":"","format":"standard","meta":{"_acf_changed":false,"footnotes":""},"categories":[1],"tags":[],"class_list":["post-5283","post","type-post","status-publish","format-standard","has-post-thumbnail","hentry","category-unkategorisiert"],"acf":[],"yoast_head":"<!-- This site is optimized with the Yoast SEO plugin v24.9 - https:\/\/yoast.com\/wordpress\/plugins\/seo\/ -->\n<title>Home - BMBF WAX<\/title>\n<meta name=\"robots\" content=\"index, follow, max-snippet:-1, max-image-preview:large, max-video-preview:-1\" \/>\n<link rel=\"canonical\" href=\"https:\/\/www.bmbf-wax.de\/en\/halbzeit-der-foerdermassnahme-wax-statusseminar-an-der-universitaet-potsdam\/\" \/>\n<meta property=\"og:locale\" content=\"en_US\" \/>\n<meta property=\"og:type\" content=\"article\" \/>\n<meta property=\"og:title\" content=\"Home - BMBF WAX\" \/>\n<meta property=\"og:description\" content=\"Halbzeitkonferenz in Potsdam \u2013 zur Mitte der BMBF-F\u00f6rderma\u00dfnahme WaX (Wasser-Extremereignisse) trafen sich am 20. und 21. September 2023 die WaX-Verb\u00fcnde sowie weitere Interessierte aus Forschung, Praxis und Politik zum Statusseminar an der Universit\u00e4t Potsdam, um gemeinsam die bisherigen Ergebnisse und Erkenntnisse der Forschungsverb\u00fcnde zu diskutieren. Wasserextremereignisse sind so aktuell, wie selten zuvor. \u201eIn diesem Jahr [&hellip;]\" \/>\n<meta property=\"og:url\" content=\"https:\/\/www.bmbf-wax.de\/en\/halbzeit-der-foerdermassnahme-wax-statusseminar-an-der-universitaet-potsdam\/\" \/>\n<meta property=\"og:site_name\" content=\"BMBF WAX\" \/>\n<meta property=\"article:published_time\" content=\"2023-10-06T07:17:59+00:00\" \/>\n<meta property=\"article:modified_time\" content=\"2023-10-06T07:35:33+00:00\" \/>\n<meta property=\"og:image\" content=\"https:\/\/www.bmbf-wax.de\/wp-content\/uploads\/Bild-Statusseminar-1024x1000.png\" \/>\n\t<meta property=\"og:image:width\" content=\"1024\" \/>\n\t<meta property=\"og:image:height\" content=\"1000\" \/>\n\t<meta property=\"og:image:type\" content=\"image\/png\" \/>\n<meta name=\"author\" content=\"Melanie Schwarz\" \/>\n<meta name=\"twitter:card\" content=\"summary_large_image\" \/>\n<meta name=\"twitter:label1\" content=\"Written by\" \/>\n\t<meta name=\"twitter:data1\" content=\"Melanie Schwarz\" \/>\n\t<meta name=\"twitter:label2\" content=\"Est. reading time\" \/>\n\t<meta name=\"twitter:data2\" content=\"4 minutes\" \/>\n<script type=\"application\/ld+json\" class=\"yoast-schema-graph\">{\"@context\":\"https:\/\/schema.org\",\"@graph\":[{\"@type\":\"Article\",\"@id\":\"https:\/\/www.bmbf-wax.de\/en\/halbzeit-der-foerdermassnahme-wax-statusseminar-an-der-universitaet-potsdam\/#article\",\"isPartOf\":{\"@id\":\"https:\/\/www.bmbf-wax.de\/en\/halbzeit-der-foerdermassnahme-wax-statusseminar-an-der-universitaet-potsdam\/\"},\"author\":{\"name\":\"Melanie Schwarz\",\"@id\":\"https:\/\/www.bmbf-wax.de\/#\/schema\/person\/b1cc7144c137826811a8267911c22ede\"},\"headline\":\"Halbzeit der F\u00f6rderma\u00dfnahme \u2013 WaX-Statusseminar an der Universit\u00e4t Potsdam\",\"datePublished\":\"2023-10-06T07:17:59+00:00\",\"dateModified\":\"2023-10-06T07:35:33+00:00\",\"mainEntityOfPage\":{\"@id\":\"https:\/\/www.bmbf-wax.de\/en\/halbzeit-der-foerdermassnahme-wax-statusseminar-an-der-universitaet-potsdam\/\"},\"wordCount\":721,\"publisher\":{\"@id\":\"https:\/\/www.bmbf-wax.de\/#organization\"},\"image\":{\"@id\":\"https:\/\/www.bmbf-wax.de\/en\/halbzeit-der-foerdermassnahme-wax-statusseminar-an-der-universitaet-potsdam\/#primaryimage\"},\"thumbnailUrl\":\"https:\/\/www.bmbf-wax.de\/wp-content\/uploads\/Bild-Statusseminar.png\",\"articleSection\":[\"Unkategorisiert\"],\"inLanguage\":\"en-US\"},{\"@type\":\"WebPage\",\"@id\":\"https:\/\/www.bmbf-wax.de\/en\/halbzeit-der-foerdermassnahme-wax-statusseminar-an-der-universitaet-potsdam\/\",\"url\":\"https:\/\/www.bmbf-wax.de\/en\/halbzeit-der-foerdermassnahme-wax-statusseminar-an-der-universitaet-potsdam\/\",\"name\":\"Home - BMBF WAX\",\"isPartOf\":{\"@id\":\"https:\/\/www.bmbf-wax.de\/#website\"},\"primaryImageOfPage\":{\"@id\":\"https:\/\/www.bmbf-wax.de\/en\/halbzeit-der-foerdermassnahme-wax-statusseminar-an-der-universitaet-potsdam\/#primaryimage\"},\"image\":{\"@id\":\"https:\/\/www.bmbf-wax.de\/en\/halbzeit-der-foerdermassnahme-wax-statusseminar-an-der-universitaet-potsdam\/#primaryimage\"},\"thumbnailUrl\":\"https:\/\/www.bmbf-wax.de\/wp-content\/uploads\/Bild-Statusseminar.png\",\"datePublished\":\"2023-10-06T07:17:59+00:00\",\"dateModified\":\"2023-10-06T07:35:33+00:00\",\"breadcrumb\":{\"@id\":\"https:\/\/www.bmbf-wax.de\/en\/halbzeit-der-foerdermassnahme-wax-statusseminar-an-der-universitaet-potsdam\/#breadcrumb\"},\"inLanguage\":\"en-US\",\"potentialAction\":[{\"@type\":\"ReadAction\",\"target\":[\"https:\/\/www.bmbf-wax.de\/en\/halbzeit-der-foerdermassnahme-wax-statusseminar-an-der-universitaet-potsdam\/\"]}]},{\"@type\":\"ImageObject\",\"inLanguage\":\"en-US\",\"@id\":\"https:\/\/www.bmbf-wax.de\/en\/halbzeit-der-foerdermassnahme-wax-statusseminar-an-der-universitaet-potsdam\/#primaryimage\",\"url\":\"https:\/\/www.bmbf-wax.de\/wp-content\/uploads\/Bild-Statusseminar.png\",\"contentUrl\":\"https:\/\/www.bmbf-wax.de\/wp-content\/uploads\/Bild-Statusseminar.png\",\"width\":1970,\"height\":1924},{\"@type\":\"BreadcrumbList\",\"@id\":\"https:\/\/www.bmbf-wax.de\/en\/halbzeit-der-foerdermassnahme-wax-statusseminar-an-der-universitaet-potsdam\/#breadcrumb\",\"itemListElement\":[{\"@type\":\"ListItem\",\"position\":1,\"name\":\"Startseite\",\"item\":\"https:\/\/www.bmbf-wax.de\/\"},{\"@type\":\"ListItem\",\"position\":2,\"name\":\"Halbzeit der F\u00f6rderma\u00dfnahme \u2013 WaX-Statusseminar an der Universit\u00e4t Potsdam\"}]},{\"@type\":\"WebSite\",\"@id\":\"https:\/\/www.bmbf-wax.de\/#website\",\"url\":\"https:\/\/www.bmbf-wax.de\/\",\"name\":\"BMBF WAX\",\"description\":\"\",\"publisher\":{\"@id\":\"https:\/\/www.bmbf-wax.de\/#organization\"},\"potentialAction\":[{\"@type\":\"SearchAction\",\"target\":{\"@type\":\"EntryPoint\",\"urlTemplate\":\"https:\/\/www.bmbf-wax.de\/?s={search_term_string}\"},\"query-input\":{\"@type\":\"PropertyValueSpecification\",\"valueRequired\":true,\"valueName\":\"search_term_string\"}}],\"inLanguage\":\"en-US\"},{\"@type\":\"Organization\",\"@id\":\"https:\/\/www.bmbf-wax.de\/#organization\",\"name\":\"BMBF WAX\",\"url\":\"https:\/\/www.bmbf-wax.de\/\",\"logo\":{\"@type\":\"ImageObject\",\"inLanguage\":\"en-US\",\"@id\":\"https:\/\/www.bmbf-wax.de\/#\/schema\/logo\/image\/\",\"url\":\"https:\/\/www.bmbf-wax.de\/wp-content\/uploads\/WaX_Logo_RGB.png\",\"contentUrl\":\"https:\/\/www.bmbf-wax.de\/wp-content\/uploads\/WaX_Logo_RGB.png\",\"width\":2953,\"height\":1182,\"caption\":\"BMBF WAX\"},\"image\":{\"@id\":\"https:\/\/www.bmbf-wax.de\/#\/schema\/logo\/image\/\"}},{\"@type\":\"Person\",\"@id\":\"https:\/\/www.bmbf-wax.de\/#\/schema\/person\/b1cc7144c137826811a8267911c22ede\",\"name\":\"Melanie Schwarz\",\"sameAs\":[\"https:\/\/www.bmbf-wax.de\/\"],\"url\":\"https:\/\/www.bmbf-wax.de\/en\/author\/mschwarz\/\"}]}<\/script>\n<!-- \/ Yoast SEO plugin. -->","yoast_head_json":{"title":"Home - BMBF WAX","robots":{"index":"index","follow":"follow","max-snippet":"max-snippet:-1","max-image-preview":"max-image-preview:large","max-video-preview":"max-video-preview:-1"},"canonical":"https:\/\/www.bmbf-wax.de\/en\/halbzeit-der-foerdermassnahme-wax-statusseminar-an-der-universitaet-potsdam\/","og_locale":"en_US","og_type":"article","og_title":"Home - BMBF WAX","og_description":"Halbzeitkonferenz in Potsdam \u2013 zur Mitte der BMBF-F\u00f6rderma\u00dfnahme WaX (Wasser-Extremereignisse) trafen sich am 20. und 21. September 2023 die WaX-Verb\u00fcnde sowie weitere Interessierte aus Forschung, Praxis und Politik zum Statusseminar an der Universit\u00e4t Potsdam, um gemeinsam die bisherigen Ergebnisse und Erkenntnisse der Forschungsverb\u00fcnde zu diskutieren. Wasserextremereignisse sind so aktuell, wie selten zuvor. \u201eIn diesem Jahr [&hellip;]","og_url":"https:\/\/www.bmbf-wax.de\/en\/halbzeit-der-foerdermassnahme-wax-statusseminar-an-der-universitaet-potsdam\/","og_site_name":"BMBF WAX","article_published_time":"2023-10-06T07:17:59+00:00","article_modified_time":"2023-10-06T07:35:33+00:00","og_image":[{"width":1024,"height":1000,"url":"https:\/\/www.bmbf-wax.de\/wp-content\/uploads\/Bild-Statusseminar-1024x1000.png","type":"image\/png"}],"author":"Melanie Schwarz","twitter_card":"summary_large_image","twitter_misc":{"Written by":"Melanie Schwarz","Est. reading time":"4 minutes"},"schema":{"@context":"https:\/\/schema.org","@graph":[{"@type":"Article","@id":"https:\/\/www.bmbf-wax.de\/en\/halbzeit-der-foerdermassnahme-wax-statusseminar-an-der-universitaet-potsdam\/#article","isPartOf":{"@id":"https:\/\/www.bmbf-wax.de\/en\/halbzeit-der-foerdermassnahme-wax-statusseminar-an-der-universitaet-potsdam\/"},"author":{"name":"Melanie Schwarz","@id":"https:\/\/www.bmbf-wax.de\/#\/schema\/person\/b1cc7144c137826811a8267911c22ede"},"headline":"Halbzeit der F\u00f6rderma\u00dfnahme \u2013 WaX-Statusseminar an der Universit\u00e4t Potsdam","datePublished":"2023-10-06T07:17:59+00:00","dateModified":"2023-10-06T07:35:33+00:00","mainEntityOfPage":{"@id":"https:\/\/www.bmbf-wax.de\/en\/halbzeit-der-foerdermassnahme-wax-statusseminar-an-der-universitaet-potsdam\/"},"wordCount":721,"publisher":{"@id":"https:\/\/www.bmbf-wax.de\/#organization"},"image":{"@id":"https:\/\/www.bmbf-wax.de\/en\/halbzeit-der-foerdermassnahme-wax-statusseminar-an-der-universitaet-potsdam\/#primaryimage"},"thumbnailUrl":"https:\/\/www.bmbf-wax.de\/wp-content\/uploads\/Bild-Statusseminar.png","articleSection":["Unkategorisiert"],"inLanguage":"en-US"},{"@type":"WebPage","@id":"https:\/\/www.bmbf-wax.de\/en\/halbzeit-der-foerdermassnahme-wax-statusseminar-an-der-universitaet-potsdam\/","url":"https:\/\/www.bmbf-wax.de\/en\/halbzeit-der-foerdermassnahme-wax-statusseminar-an-der-universitaet-potsdam\/","name":"Home - BMBF WAX","isPartOf":{"@id":"https:\/\/www.bmbf-wax.de\/#website"},"primaryImageOfPage":{"@id":"https:\/\/www.bmbf-wax.de\/en\/halbzeit-der-foerdermassnahme-wax-statusseminar-an-der-universitaet-potsdam\/#primaryimage"},"image":{"@id":"https:\/\/www.bmbf-wax.de\/en\/halbzeit-der-foerdermassnahme-wax-statusseminar-an-der-universitaet-potsdam\/#primaryimage"},"thumbnailUrl":"https:\/\/www.bmbf-wax.de\/wp-content\/uploads\/Bild-Statusseminar.png","datePublished":"2023-10-06T07:17:59+00:00","dateModified":"2023-10-06T07:35:33+00:00","breadcrumb":{"@id":"https:\/\/www.bmbf-wax.de\/en\/halbzeit-der-foerdermassnahme-wax-statusseminar-an-der-universitaet-potsdam\/#breadcrumb"},"inLanguage":"en-US","potentialAction":[{"@type":"ReadAction","target":["https:\/\/www.bmbf-wax.de\/en\/halbzeit-der-foerdermassnahme-wax-statusseminar-an-der-universitaet-potsdam\/"]}]},{"@type":"ImageObject","inLanguage":"en-US","@id":"https:\/\/www.bmbf-wax.de\/en\/halbzeit-der-foerdermassnahme-wax-statusseminar-an-der-universitaet-potsdam\/#primaryimage","url":"https:\/\/www.bmbf-wax.de\/wp-content\/uploads\/Bild-Statusseminar.png","contentUrl":"https:\/\/www.bmbf-wax.de\/wp-content\/uploads\/Bild-Statusseminar.png","width":1970,"height":1924},{"@type":"BreadcrumbList","@id":"https:\/\/www.bmbf-wax.de\/en\/halbzeit-der-foerdermassnahme-wax-statusseminar-an-der-universitaet-potsdam\/#breadcrumb","itemListElement":[{"@type":"ListItem","position":1,"name":"Startseite","item":"https:\/\/www.bmbf-wax.de\/"},{"@type":"ListItem","position":2,"name":"Halbzeit der F\u00f6rderma\u00dfnahme \u2013 WaX-Statusseminar an der Universit\u00e4t Potsdam"}]},{"@type":"WebSite","@id":"https:\/\/www.bmbf-wax.de\/#website","url":"https:\/\/www.bmbf-wax.de\/","name":"BMBF WAX","description":"","publisher":{"@id":"https:\/\/www.bmbf-wax.de\/#organization"},"potentialAction":[{"@type":"SearchAction","target":{"@type":"EntryPoint","urlTemplate":"https:\/\/www.bmbf-wax.de\/?s={search_term_string}"},"query-input":{"@type":"PropertyValueSpecification","valueRequired":true,"valueName":"search_term_string"}}],"inLanguage":"en-US"},{"@type":"Organization","@id":"https:\/\/www.bmbf-wax.de\/#organization","name":"BMBF WAX","url":"https:\/\/www.bmbf-wax.de\/","logo":{"@type":"ImageObject","inLanguage":"en-US","@id":"https:\/\/www.bmbf-wax.de\/#\/schema\/logo\/image\/","url":"https:\/\/www.bmbf-wax.de\/wp-content\/uploads\/WaX_Logo_RGB.png","contentUrl":"https:\/\/www.bmbf-wax.de\/wp-content\/uploads\/WaX_Logo_RGB.png","width":2953,"height":1182,"caption":"BMBF WAX"},"image":{"@id":"https:\/\/www.bmbf-wax.de\/#\/schema\/logo\/image\/"}},{"@type":"Person","@id":"https:\/\/www.bmbf-wax.de\/#\/schema\/person\/b1cc7144c137826811a8267911c22ede","name":"Melanie Schwarz","sameAs":["https:\/\/www.bmbf-wax.de\/"],"url":"https:\/\/www.bmbf-wax.de\/en\/author\/mschwarz\/"}]}},"_links":{"self":[{"href":"https:\/\/www.bmbf-wax.de\/en\/wp-json\/wp\/v2\/posts\/5283","targetHints":{"allow":["GET"]}}],"collection":[{"href":"https:\/\/www.bmbf-wax.de\/en\/wp-json\/wp\/v2\/posts"}],"about":[{"href":"https:\/\/www.bmbf-wax.de\/en\/wp-json\/wp\/v2\/types\/post"}],"author":[{"embeddable":true,"href":"https:\/\/www.bmbf-wax.de\/en\/wp-json\/wp\/v2\/users\/2"}],"replies":[{"embeddable":true,"href":"https:\/\/www.bmbf-wax.de\/en\/wp-json\/wp\/v2\/comments?post=5283"}],"version-history":[{"count":2,"href":"https:\/\/www.bmbf-wax.de\/en\/wp-json\/wp\/v2\/posts\/5283\/revisions"}],"predecessor-version":[{"id":5292,"href":"https:\/\/www.bmbf-wax.de\/en\/wp-json\/wp\/v2\/posts\/5283\/revisions\/5292"}],"wp:featuredmedia":[{"embeddable":true,"href":"https:\/\/www.bmbf-wax.de\/en\/wp-json\/wp\/v2\/media\/5286"}],"wp:attachment":[{"href":"https:\/\/www.bmbf-wax.de\/en\/wp-json\/wp\/v2\/media?parent=5283"}],"wp:term":[{"taxonomy":"category","embeddable":true,"href":"https:\/\/www.bmbf-wax.de\/en\/wp-json\/wp\/v2\/categories?post=5283"},{"taxonomy":"post_tag","embeddable":true,"href":"https:\/\/www.bmbf-wax.de\/en\/wp-json\/wp\/v2\/tags?post=5283"}],"curies":[{"name":"wp","href":"https:\/\/api.w.org\/{rel}","templated":true}]}}