{"id":3252,"date":"2022-11-14T09:25:50","date_gmt":"2022-11-14T08:25:50","guid":{"rendered":"https:\/\/www.bmbf-wax.de\/?p=3252"},"modified":"2022-11-14T09:30:49","modified_gmt":"2022-11-14T08:30:49","slug":"duerre-und-flutkatastrophen","status":"publish","type":"post","link":"https:\/\/www.bmbf-wax.de\/en\/duerre-und-flutkatastrophen\/","title":{"rendered":"D\u00fcrre und Flutkatastrophen"},"content":{"rendered":"\n<p>Beim globalen Klimawandel geht es nicht nur um einen Anstieg der Durchschnittstemperatur, sondern vor allem um die Verst\u00e4rkung der Extreme: Selbst in den \u201egem\u00e4\u00dfigten Breiten\u201c Mitteleuropas nehmen sowohl Trockenheit wie im D\u00fcrre-Sommer 2022, als auch Starkregenereignisse wie bei der Flutkatastrophe des Sommers 2021 in der Eifel und im Ahrtal dramatisch zu. Das in diesem Jahr unter der Federf\u00fchrung der Technischen Universit\u00e4t Braunschweig gestartete Forschungsprojekt <a href=\"https:\/\/www.exdimum.org\/\" target=\"_blank\" rel=\"noreferrer noopener\">EXDIMUM<\/a> (Extremwettermanagement mit digitalen Multiskalen-Methoden) besch\u00e4ftigt sich mit einem Spektrum komplexer Herausforderungen, die durch diese Extremwetterlagen entstehen. Es ist eines von nur 12 aus 160 eingereichten Projekten, die im Rahmen des F\u00f6rderprogramms <a href=\"https:\/\/www.bmbf-wax.de\/\" target=\"_blank\" rel=\"noreferrer noopener\">Wasser-Extremereignisse (WaX)<\/a> vom Bundesministerium f\u00fcr Bildung und Forschung (BMBF) gef\u00f6rdert werden. Es hat eine Laufzeit von drei Jahren und ein F\u00f6rdervolumen von gut 3 Millionen Euro.<\/p>\n\n\n\n<p>Die vollst\u00e4ndige Pressemitteilung von EXDIMUM finden Sie <a href=\"https:\/\/magazin.tu-braunschweig.de\/pi-post\/duerre-und-flutkatastrophen\/\" target=\"_blank\" rel=\"noreferrer noopener\">hier<\/a>.<\/p>\n","protected":false},"excerpt":{"rendered":"<p>Beim globalen Klimawandel geht es nicht nur um einen Anstieg der Durchschnittstemperatur, sondern vor allem um die Verst\u00e4rkung der Extreme: Selbst in den \u201egem\u00e4\u00dfigten Breiten\u201c Mitteleuropas nehmen sowohl Trockenheit wie im D\u00fcrre-Sommer 2022, als auch Starkregenereignisse wie bei der Flutkatastrophe des Sommers 2021 in der Eifel und im Ahrtal dramatisch zu. Das in diesem Jahr [&hellip;]<\/p>\n","protected":false},"author":2,"featured_media":3253,"comment_status":"closed","ping_status":"closed","sticky":false,"template":"","format":"standard","meta":{"_acf_changed":false,"footnotes":""},"categories":[1],"tags":[],"class_list":["post-3252","post","type-post","status-publish","format-standard","has-post-thumbnail","hentry","category-unkategorisiert"],"acf":[],"yoast_head":"<!-- This site is optimized with the Yoast SEO plugin v24.9 - https:\/\/yoast.com\/wordpress\/plugins\/seo\/ -->\n<title>Home - BMBF WAX<\/title>\n<meta name=\"robots\" content=\"index, follow, max-snippet:-1, max-image-preview:large, max-video-preview:-1\" \/>\n<link rel=\"canonical\" href=\"https:\/\/www.bmbf-wax.de\/duerre-und-flutkatastrophen\/\" \/>\n<meta property=\"og:locale\" content=\"en_US\" \/>\n<meta property=\"og:type\" content=\"article\" \/>\n<meta property=\"og:title\" content=\"Home - BMBF WAX\" \/>\n<meta property=\"og:description\" content=\"Beim globalen Klimawandel geht es nicht nur um einen Anstieg der Durchschnittstemperatur, sondern vor allem um die Verst\u00e4rkung der Extreme: Selbst in den \u201egem\u00e4\u00dfigten Breiten\u201c Mitteleuropas nehmen sowohl Trockenheit wie im D\u00fcrre-Sommer 2022, als auch Starkregenereignisse wie bei der Flutkatastrophe des Sommers 2021 in der Eifel und im Ahrtal dramatisch zu. Das in diesem Jahr [&hellip;]\" \/>\n<meta property=\"og:url\" content=\"https:\/\/www.bmbf-wax.de\/duerre-und-flutkatastrophen\/\" \/>\n<meta property=\"og:site_name\" content=\"BMBF WAX\" \/>\n<meta property=\"article:published_time\" content=\"2022-11-14T08:25:50+00:00\" \/>\n<meta property=\"article:modified_time\" content=\"2022-11-14T08:30:49+00:00\" \/>\n<meta property=\"og:image\" content=\"https:\/\/www.bmbf-wax.de\/wp-content\/uploads\/Okertalsperre-Hazr-scaled.jpg\" \/>\n\t<meta property=\"og:image:width\" content=\"2560\" \/>\n\t<meta property=\"og:image:height\" content=\"1920\" \/>\n\t<meta property=\"og:image:type\" content=\"image\/jpeg\" \/>\n<meta name=\"author\" content=\"Melanie Schwarz\" \/>\n<meta name=\"twitter:card\" content=\"summary_large_image\" \/>\n<meta name=\"twitter:label1\" content=\"Written by\" \/>\n\t<meta name=\"twitter:data1\" content=\"Melanie Schwarz\" \/>\n\t<meta name=\"twitter:label2\" content=\"Est. reading time\" \/>\n\t<meta name=\"twitter:data2\" content=\"1 minute\" \/>\n<script type=\"application\/ld+json\" class=\"yoast-schema-graph\">{\"@context\":\"https:\/\/schema.org\",\"@graph\":[{\"@type\":\"Article\",\"@id\":\"https:\/\/www.bmbf-wax.de\/duerre-und-flutkatastrophen\/#article\",\"isPartOf\":{\"@id\":\"https:\/\/www.bmbf-wax.de\/duerre-und-flutkatastrophen\/\"},\"author\":{\"name\":\"Melanie Schwarz\",\"@id\":\"https:\/\/www.bmbf-wax.de\/#\/schema\/person\/b1cc7144c137826811a8267911c22ede\"},\"headline\":\"D\u00fcrre und Flutkatastrophen\",\"datePublished\":\"2022-11-14T08:25:50+00:00\",\"dateModified\":\"2022-11-14T08:30:49+00:00\",\"mainEntityOfPage\":{\"@id\":\"https:\/\/www.bmbf-wax.de\/duerre-und-flutkatastrophen\/\"},\"wordCount\":140,\"publisher\":{\"@id\":\"https:\/\/www.bmbf-wax.de\/#organization\"},\"image\":{\"@id\":\"https:\/\/www.bmbf-wax.de\/duerre-und-flutkatastrophen\/#primaryimage\"},\"thumbnailUrl\":\"https:\/\/www.bmbf-wax.de\/wp-content\/uploads\/Okertalsperre-Hazr-scaled.jpg\",\"articleSection\":[\"Unkategorisiert\"],\"inLanguage\":\"en-US\"},{\"@type\":\"WebPage\",\"@id\":\"https:\/\/www.bmbf-wax.de\/duerre-und-flutkatastrophen\/\",\"url\":\"https:\/\/www.bmbf-wax.de\/duerre-und-flutkatastrophen\/\",\"name\":\"Home - BMBF WAX\",\"isPartOf\":{\"@id\":\"https:\/\/www.bmbf-wax.de\/#website\"},\"primaryImageOfPage\":{\"@id\":\"https:\/\/www.bmbf-wax.de\/duerre-und-flutkatastrophen\/#primaryimage\"},\"image\":{\"@id\":\"https:\/\/www.bmbf-wax.de\/duerre-und-flutkatastrophen\/#primaryimage\"},\"thumbnailUrl\":\"https:\/\/www.bmbf-wax.de\/wp-content\/uploads\/Okertalsperre-Hazr-scaled.jpg\",\"datePublished\":\"2022-11-14T08:25:50+00:00\",\"dateModified\":\"2022-11-14T08:30:49+00:00\",\"breadcrumb\":{\"@id\":\"https:\/\/www.bmbf-wax.de\/duerre-und-flutkatastrophen\/#breadcrumb\"},\"inLanguage\":\"en-US\",\"potentialAction\":[{\"@type\":\"ReadAction\",\"target\":[\"https:\/\/www.bmbf-wax.de\/duerre-und-flutkatastrophen\/\"]}]},{\"@type\":\"ImageObject\",\"inLanguage\":\"en-US\",\"@id\":\"https:\/\/www.bmbf-wax.de\/duerre-und-flutkatastrophen\/#primaryimage\",\"url\":\"https:\/\/www.bmbf-wax.de\/wp-content\/uploads\/Okertalsperre-Hazr-scaled.jpg\",\"contentUrl\":\"https:\/\/www.bmbf-wax.de\/wp-content\/uploads\/Okertalsperre-Hazr-scaled.jpg\",\"width\":2560,\"height\":1920,\"caption\":\"Okertalsperre (@S. Fekete)\"},{\"@type\":\"BreadcrumbList\",\"@id\":\"https:\/\/www.bmbf-wax.de\/duerre-und-flutkatastrophen\/#breadcrumb\",\"itemListElement\":[{\"@type\":\"ListItem\",\"position\":1,\"name\":\"Startseite\",\"item\":\"https:\/\/www.bmbf-wax.de\/\"},{\"@type\":\"ListItem\",\"position\":2,\"name\":\"D\u00fcrre und Flutkatastrophen\"}]},{\"@type\":\"WebSite\",\"@id\":\"https:\/\/www.bmbf-wax.de\/#website\",\"url\":\"https:\/\/www.bmbf-wax.de\/\",\"name\":\"BMBF WAX\",\"description\":\"\",\"publisher\":{\"@id\":\"https:\/\/www.bmbf-wax.de\/#organization\"},\"potentialAction\":[{\"@type\":\"SearchAction\",\"target\":{\"@type\":\"EntryPoint\",\"urlTemplate\":\"https:\/\/www.bmbf-wax.de\/?s={search_term_string}\"},\"query-input\":{\"@type\":\"PropertyValueSpecification\",\"valueRequired\":true,\"valueName\":\"search_term_string\"}}],\"inLanguage\":\"en-US\"},{\"@type\":\"Organization\",\"@id\":\"https:\/\/www.bmbf-wax.de\/#organization\",\"name\":\"BMBF WAX\",\"url\":\"https:\/\/www.bmbf-wax.de\/\",\"logo\":{\"@type\":\"ImageObject\",\"inLanguage\":\"en-US\",\"@id\":\"https:\/\/www.bmbf-wax.de\/#\/schema\/logo\/image\/\",\"url\":\"https:\/\/www.bmbf-wax.de\/wp-content\/uploads\/WaX_Logo_RGB.png\",\"contentUrl\":\"https:\/\/www.bmbf-wax.de\/wp-content\/uploads\/WaX_Logo_RGB.png\",\"width\":2953,\"height\":1182,\"caption\":\"BMBF WAX\"},\"image\":{\"@id\":\"https:\/\/www.bmbf-wax.de\/#\/schema\/logo\/image\/\"}},{\"@type\":\"Person\",\"@id\":\"https:\/\/www.bmbf-wax.de\/#\/schema\/person\/b1cc7144c137826811a8267911c22ede\",\"name\":\"Melanie Schwarz\",\"sameAs\":[\"https:\/\/www.bmbf-wax.de\/\"],\"url\":\"https:\/\/www.bmbf-wax.de\/en\/author\/mschwarz\/\"}]}<\/script>\n<!-- \/ Yoast SEO plugin. -->","yoast_head_json":{"title":"Home - BMBF WAX","robots":{"index":"index","follow":"follow","max-snippet":"max-snippet:-1","max-image-preview":"max-image-preview:large","max-video-preview":"max-video-preview:-1"},"canonical":"https:\/\/www.bmbf-wax.de\/duerre-und-flutkatastrophen\/","og_locale":"en_US","og_type":"article","og_title":"Home - BMBF WAX","og_description":"Beim globalen Klimawandel geht es nicht nur um einen Anstieg der Durchschnittstemperatur, sondern vor allem um die Verst\u00e4rkung der Extreme: Selbst in den \u201egem\u00e4\u00dfigten Breiten\u201c Mitteleuropas nehmen sowohl Trockenheit wie im D\u00fcrre-Sommer 2022, als auch Starkregenereignisse wie bei der Flutkatastrophe des Sommers 2021 in der Eifel und im Ahrtal dramatisch zu. Das in diesem Jahr [&hellip;]","og_url":"https:\/\/www.bmbf-wax.de\/duerre-und-flutkatastrophen\/","og_site_name":"BMBF WAX","article_published_time":"2022-11-14T08:25:50+00:00","article_modified_time":"2022-11-14T08:30:49+00:00","og_image":[{"width":2560,"height":1920,"url":"https:\/\/www.bmbf-wax.de\/wp-content\/uploads\/Okertalsperre-Hazr-scaled.jpg","type":"image\/jpeg"}],"author":"Melanie Schwarz","twitter_card":"summary_large_image","twitter_misc":{"Written by":"Melanie Schwarz","Est. reading time":"1 minute"},"schema":{"@context":"https:\/\/schema.org","@graph":[{"@type":"Article","@id":"https:\/\/www.bmbf-wax.de\/duerre-und-flutkatastrophen\/#article","isPartOf":{"@id":"https:\/\/www.bmbf-wax.de\/duerre-und-flutkatastrophen\/"},"author":{"name":"Melanie Schwarz","@id":"https:\/\/www.bmbf-wax.de\/#\/schema\/person\/b1cc7144c137826811a8267911c22ede"},"headline":"D\u00fcrre und Flutkatastrophen","datePublished":"2022-11-14T08:25:50+00:00","dateModified":"2022-11-14T08:30:49+00:00","mainEntityOfPage":{"@id":"https:\/\/www.bmbf-wax.de\/duerre-und-flutkatastrophen\/"},"wordCount":140,"publisher":{"@id":"https:\/\/www.bmbf-wax.de\/#organization"},"image":{"@id":"https:\/\/www.bmbf-wax.de\/duerre-und-flutkatastrophen\/#primaryimage"},"thumbnailUrl":"https:\/\/www.bmbf-wax.de\/wp-content\/uploads\/Okertalsperre-Hazr-scaled.jpg","articleSection":["Unkategorisiert"],"inLanguage":"en-US"},{"@type":"WebPage","@id":"https:\/\/www.bmbf-wax.de\/duerre-und-flutkatastrophen\/","url":"https:\/\/www.bmbf-wax.de\/duerre-und-flutkatastrophen\/","name":"Home - BMBF WAX","isPartOf":{"@id":"https:\/\/www.bmbf-wax.de\/#website"},"primaryImageOfPage":{"@id":"https:\/\/www.bmbf-wax.de\/duerre-und-flutkatastrophen\/#primaryimage"},"image":{"@id":"https:\/\/www.bmbf-wax.de\/duerre-und-flutkatastrophen\/#primaryimage"},"thumbnailUrl":"https:\/\/www.bmbf-wax.de\/wp-content\/uploads\/Okertalsperre-Hazr-scaled.jpg","datePublished":"2022-11-14T08:25:50+00:00","dateModified":"2022-11-14T08:30:49+00:00","breadcrumb":{"@id":"https:\/\/www.bmbf-wax.de\/duerre-und-flutkatastrophen\/#breadcrumb"},"inLanguage":"en-US","potentialAction":[{"@type":"ReadAction","target":["https:\/\/www.bmbf-wax.de\/duerre-und-flutkatastrophen\/"]}]},{"@type":"ImageObject","inLanguage":"en-US","@id":"https:\/\/www.bmbf-wax.de\/duerre-und-flutkatastrophen\/#primaryimage","url":"https:\/\/www.bmbf-wax.de\/wp-content\/uploads\/Okertalsperre-Hazr-scaled.jpg","contentUrl":"https:\/\/www.bmbf-wax.de\/wp-content\/uploads\/Okertalsperre-Hazr-scaled.jpg","width":2560,"height":1920,"caption":"Okertalsperre (@S. Fekete)"},{"@type":"BreadcrumbList","@id":"https:\/\/www.bmbf-wax.de\/duerre-und-flutkatastrophen\/#breadcrumb","itemListElement":[{"@type":"ListItem","position":1,"name":"Startseite","item":"https:\/\/www.bmbf-wax.de\/"},{"@type":"ListItem","position":2,"name":"D\u00fcrre und Flutkatastrophen"}]},{"@type":"WebSite","@id":"https:\/\/www.bmbf-wax.de\/#website","url":"https:\/\/www.bmbf-wax.de\/","name":"BMBF WAX","description":"","publisher":{"@id":"https:\/\/www.bmbf-wax.de\/#organization"},"potentialAction":[{"@type":"SearchAction","target":{"@type":"EntryPoint","urlTemplate":"https:\/\/www.bmbf-wax.de\/?s={search_term_string}"},"query-input":{"@type":"PropertyValueSpecification","valueRequired":true,"valueName":"search_term_string"}}],"inLanguage":"en-US"},{"@type":"Organization","@id":"https:\/\/www.bmbf-wax.de\/#organization","name":"BMBF WAX","url":"https:\/\/www.bmbf-wax.de\/","logo":{"@type":"ImageObject","inLanguage":"en-US","@id":"https:\/\/www.bmbf-wax.de\/#\/schema\/logo\/image\/","url":"https:\/\/www.bmbf-wax.de\/wp-content\/uploads\/WaX_Logo_RGB.png","contentUrl":"https:\/\/www.bmbf-wax.de\/wp-content\/uploads\/WaX_Logo_RGB.png","width":2953,"height":1182,"caption":"BMBF WAX"},"image":{"@id":"https:\/\/www.bmbf-wax.de\/#\/schema\/logo\/image\/"}},{"@type":"Person","@id":"https:\/\/www.bmbf-wax.de\/#\/schema\/person\/b1cc7144c137826811a8267911c22ede","name":"Melanie Schwarz","sameAs":["https:\/\/www.bmbf-wax.de\/"],"url":"https:\/\/www.bmbf-wax.de\/en\/author\/mschwarz\/"}]}},"_links":{"self":[{"href":"https:\/\/www.bmbf-wax.de\/en\/wp-json\/wp\/v2\/posts\/3252","targetHints":{"allow":["GET"]}}],"collection":[{"href":"https:\/\/www.bmbf-wax.de\/en\/wp-json\/wp\/v2\/posts"}],"about":[{"href":"https:\/\/www.bmbf-wax.de\/en\/wp-json\/wp\/v2\/types\/post"}],"author":[{"embeddable":true,"href":"https:\/\/www.bmbf-wax.de\/en\/wp-json\/wp\/v2\/users\/2"}],"replies":[{"embeddable":true,"href":"https:\/\/www.bmbf-wax.de\/en\/wp-json\/wp\/v2\/comments?post=3252"}],"version-history":[{"count":2,"href":"https:\/\/www.bmbf-wax.de\/en\/wp-json\/wp\/v2\/posts\/3252\/revisions"}],"predecessor-version":[{"id":3256,"href":"https:\/\/www.bmbf-wax.de\/en\/wp-json\/wp\/v2\/posts\/3252\/revisions\/3256"}],"wp:featuredmedia":[{"embeddable":true,"href":"https:\/\/www.bmbf-wax.de\/en\/wp-json\/wp\/v2\/media\/3253"}],"wp:attachment":[{"href":"https:\/\/www.bmbf-wax.de\/en\/wp-json\/wp\/v2\/media?parent=3252"}],"wp:term":[{"taxonomy":"category","embeddable":true,"href":"https:\/\/www.bmbf-wax.de\/en\/wp-json\/wp\/v2\/categories?post=3252"},{"taxonomy":"post_tag","embeddable":true,"href":"https:\/\/www.bmbf-wax.de\/en\/wp-json\/wp\/v2\/tags?post=3252"}],"curies":[{"name":"wp","href":"https:\/\/api.w.org\/{rel}","templated":true}]}}