{"id":3224,"date":"2022-10-31T10:15:37","date_gmt":"2022-10-31T09:15:37","guid":{"rendered":"https:\/\/www.bmbf-wax.de\/?p=3224"},"modified":"2022-10-31T10:18:51","modified_gmt":"2022-10-31T09:18:51","slug":"stakeholder-beteiligung-erfolgreich-gestartet-projekt-klimawerk-im-dialog-mit-behoerden-landwirtschaft-und-naturschutz-zur-resilienzerhoehung-gegenueber-wasser-extremen","status":"publish","type":"post","link":"https:\/\/www.bmbf-wax.de\/en\/stakeholder-beteiligung-erfolgreich-gestartet-projekt-klimawerk-im-dialog-mit-behoerden-landwirtschaft-und-naturschutz-zur-resilienzerhoehung-gegenueber-wasser-extremen\/","title":{"rendered":"Stakeholder-Beteiligung erfolgreich gestartet: Projekt KliMaWerk im  Dialog mit Beh\u00f6rden, Landwirtschaft und Naturschutz zur  Resilienzerh\u00f6hung gegen\u00fcber Wasser-Extremen"},"content":{"rendered":"\n<p>Im thematisch passenden Ambiente am alten Lippehafen bei Wesel fand am 18.10.2022 der erste Stakeholder-Workshop des Projekts KliMaWerk.Wasser:Landschaft statt. Die Projektpartner kamen mit Vertreter:innen der Sektoren Naturschutz, Landwirtschaft, Wasserwirtschaft, Kommunen und Verwaltung \u00fcber die Auswirkungen von D\u00fcrre und Starkregen auf die Gew\u00e4sser sowie den Landschaftswasserhaushalt im Lippe-Einzugsgebiet ins Gespr\u00e4ch. M\u00f6gliche Ma\u00dfnahmen zur Steigerung der Resilienz von Gew\u00e4ssern und Landschaft gegen\u00fcber Extremereignissen und deren voraussichtliche Wirkungen auf die Biodiversit\u00e4t und f\u00fcr die einzelnen Interessensgruppen wurden intensiv in unterschiedlich zusammengesetzten Arbeitsgruppen diskutiert.<\/p>\n\n\n\n<p>Ein sektor\u00fcbergreifendes Ziel (Landwirtschaft, Naturschutz, Wasserwirtschaft) im ruralen Raum konnte bereits identifiziert werden: \u201eDas Wasser in der Landschaft halten\u201c. Weitere Ziele mit entsprechenden Ma\u00dfnahmen sind u.a. eine angepasste Bew\u00e4sserung und verminderte Wasserentnahme, die Schaffung naturnaher Gew\u00e4sser, die Erh\u00f6hung der Grundwasserst\u00e4nde und eine verbesserte Wasserqualit\u00e4t. Natur-basierte und multifunktionale Ma\u00dfnahmen, sogenannte \u201enature-based solutions\u201c, sind dabei zu bevorzugen. In l\u00e4ndlichen Gebieten sind somit die Schaffung von Retentionsr\u00e4umen sowie eine nachhaltige Land- und Wassernutzung die zentralen Stellschrauben f\u00fcr den Landschaftswasserhaushalt. Im urbanen Raum soll die Anpassung und Resilienz gegen\u00fcber Extremereignissen integraler Bestandteil der Stadt-, Raum- und Entw\u00e4sserungsplanung werden, u.a. durch eine gesteigerte Sensibilit\u00e4t aller Akteure. Als besonders wichtige Ma\u00dfnahmen werden die Fl\u00e4chenentsiegelung und Transformation zur Schwammstadt gesehen.<\/p>\n\n\n\n<p>In kommenden Workshops werden konkrete Ma\u00dfnahmenpakete und deren r\u00e4umliche Verteilung erarbeitet sowie Entwicklungen und Wirkungen unter verschiedenen Klimaszenarien diskutiert.<\/p>\n","protected":false},"excerpt":{"rendered":"<p>Im thematisch passenden Ambiente am alten Lippehafen bei Wesel fand am 18.10.2022 der erste Stakeholder-Workshop des Projekts KliMaWerk.Wasser:Landschaft statt. Die Projektpartner kamen mit Vertreter:innen der Sektoren Naturschutz, Landwirtschaft, Wasserwirtschaft, Kommunen und Verwaltung \u00fcber die Auswirkungen von D\u00fcrre und Starkregen auf die Gew\u00e4sser sowie den Landschaftswasserhaushalt im Lippe-Einzugsgebiet ins Gespr\u00e4ch. M\u00f6gliche Ma\u00dfnahmen zur Steigerung der Resilienz [&hellip;]<\/p>\n","protected":false},"author":3,"featured_media":1070,"comment_status":"closed","ping_status":"closed","sticky":false,"template":"","format":"standard","meta":{"_acf_changed":false,"footnotes":""},"categories":[1],"tags":[],"class_list":["post-3224","post","type-post","status-publish","format-standard","has-post-thumbnail","hentry","category-unkategorisiert"],"acf":[],"yoast_head":"<!-- This site is optimized with the Yoast SEO plugin v24.9 - https:\/\/yoast.com\/wordpress\/plugins\/seo\/ -->\n<title>Home - BMBF WAX<\/title>\n<meta name=\"robots\" content=\"index, follow, max-snippet:-1, max-image-preview:large, max-video-preview:-1\" \/>\n<link rel=\"canonical\" href=\"https:\/\/www.bmbf-wax.de\/stakeholder-beteiligung-erfolgreich-gestartet-projekt-klimawerk-im-dialog-mit-behoerden-landwirtschaft-und-naturschutz-zur-resilienzerhoehung-gegenueber-wasser-extremen\/\" \/>\n<meta property=\"og:locale\" content=\"en_US\" \/>\n<meta property=\"og:type\" content=\"article\" \/>\n<meta property=\"og:title\" content=\"Home - BMBF WAX\" \/>\n<meta property=\"og:description\" content=\"Im thematisch passenden Ambiente am alten Lippehafen bei Wesel fand am 18.10.2022 der erste Stakeholder-Workshop des Projekts KliMaWerk.Wasser:Landschaft statt. Die Projektpartner kamen mit Vertreter:innen der Sektoren Naturschutz, Landwirtschaft, Wasserwirtschaft, Kommunen und Verwaltung \u00fcber die Auswirkungen von D\u00fcrre und Starkregen auf die Gew\u00e4sser sowie den Landschaftswasserhaushalt im Lippe-Einzugsgebiet ins Gespr\u00e4ch. M\u00f6gliche Ma\u00dfnahmen zur Steigerung der Resilienz [&hellip;]\" \/>\n<meta property=\"og:url\" content=\"https:\/\/www.bmbf-wax.de\/stakeholder-beteiligung-erfolgreich-gestartet-projekt-klimawerk-im-dialog-mit-behoerden-landwirtschaft-und-naturschutz-zur-resilienzerhoehung-gegenueber-wasser-extremen\/\" \/>\n<meta property=\"og:site_name\" content=\"BMBF WAX\" \/>\n<meta property=\"article:published_time\" content=\"2022-10-31T09:15:37+00:00\" \/>\n<meta property=\"article:modified_time\" content=\"2022-10-31T09:18:51+00:00\" \/>\n<meta property=\"og:image\" content=\"https:\/\/www.bmbf-wax.de\/wp-content\/uploads\/KLimawerk-Logo.jpg\" \/>\n\t<meta property=\"og:image:width\" content=\"1002\" \/>\n\t<meta property=\"og:image:height\" content=\"415\" \/>\n\t<meta property=\"og:image:type\" content=\"image\/jpeg\" \/>\n<meta name=\"author\" content=\"Andr\u00e9 Voth\" \/>\n<meta name=\"twitter:card\" content=\"summary_large_image\" \/>\n<meta name=\"twitter:label1\" content=\"Written by\" \/>\n\t<meta name=\"twitter:data1\" content=\"Andr\u00e9 Voth\" \/>\n\t<meta name=\"twitter:label2\" content=\"Est. reading time\" \/>\n\t<meta name=\"twitter:data2\" content=\"2 minutes\" \/>\n<script type=\"application\/ld+json\" class=\"yoast-schema-graph\">{\"@context\":\"https:\/\/schema.org\",\"@graph\":[{\"@type\":\"Article\",\"@id\":\"https:\/\/www.bmbf-wax.de\/stakeholder-beteiligung-erfolgreich-gestartet-projekt-klimawerk-im-dialog-mit-behoerden-landwirtschaft-und-naturschutz-zur-resilienzerhoehung-gegenueber-wasser-extremen\/#article\",\"isPartOf\":{\"@id\":\"https:\/\/www.bmbf-wax.de\/stakeholder-beteiligung-erfolgreich-gestartet-projekt-klimawerk-im-dialog-mit-behoerden-landwirtschaft-und-naturschutz-zur-resilienzerhoehung-gegenueber-wasser-extremen\/\"},\"author\":{\"name\":\"Andr\u00e9 Voth\",\"@id\":\"https:\/\/www.bmbf-wax.de\/#\/schema\/person\/f5feef05772bb5693ff8d60764bdb161\"},\"headline\":\"Stakeholder-Beteiligung erfolgreich gestartet: Projekt KliMaWerk im Dialog mit Beh\u00f6rden, Landwirtschaft und Naturschutz zur Resilienzerh\u00f6hung gegen\u00fcber Wasser-Extremen\",\"datePublished\":\"2022-10-31T09:15:37+00:00\",\"dateModified\":\"2022-10-31T09:18:51+00:00\",\"mainEntityOfPage\":{\"@id\":\"https:\/\/www.bmbf-wax.de\/stakeholder-beteiligung-erfolgreich-gestartet-projekt-klimawerk-im-dialog-mit-behoerden-landwirtschaft-und-naturschutz-zur-resilienzerhoehung-gegenueber-wasser-extremen\/\"},\"wordCount\":262,\"publisher\":{\"@id\":\"https:\/\/www.bmbf-wax.de\/#organization\"},\"image\":{\"@id\":\"https:\/\/www.bmbf-wax.de\/stakeholder-beteiligung-erfolgreich-gestartet-projekt-klimawerk-im-dialog-mit-behoerden-landwirtschaft-und-naturschutz-zur-resilienzerhoehung-gegenueber-wasser-extremen\/#primaryimage\"},\"thumbnailUrl\":\"https:\/\/www.bmbf-wax.de\/wp-content\/uploads\/KLimawerk-Logo.jpg\",\"articleSection\":[\"Unkategorisiert\"],\"inLanguage\":\"en-US\"},{\"@type\":\"WebPage\",\"@id\":\"https:\/\/www.bmbf-wax.de\/stakeholder-beteiligung-erfolgreich-gestartet-projekt-klimawerk-im-dialog-mit-behoerden-landwirtschaft-und-naturschutz-zur-resilienzerhoehung-gegenueber-wasser-extremen\/\",\"url\":\"https:\/\/www.bmbf-wax.de\/stakeholder-beteiligung-erfolgreich-gestartet-projekt-klimawerk-im-dialog-mit-behoerden-landwirtschaft-und-naturschutz-zur-resilienzerhoehung-gegenueber-wasser-extremen\/\",\"name\":\"Home - BMBF WAX\",\"isPartOf\":{\"@id\":\"https:\/\/www.bmbf-wax.de\/#website\"},\"primaryImageOfPage\":{\"@id\":\"https:\/\/www.bmbf-wax.de\/stakeholder-beteiligung-erfolgreich-gestartet-projekt-klimawerk-im-dialog-mit-behoerden-landwirtschaft-und-naturschutz-zur-resilienzerhoehung-gegenueber-wasser-extremen\/#primaryimage\"},\"image\":{\"@id\":\"https:\/\/www.bmbf-wax.de\/stakeholder-beteiligung-erfolgreich-gestartet-projekt-klimawerk-im-dialog-mit-behoerden-landwirtschaft-und-naturschutz-zur-resilienzerhoehung-gegenueber-wasser-extremen\/#primaryimage\"},\"thumbnailUrl\":\"https:\/\/www.bmbf-wax.de\/wp-content\/uploads\/KLimawerk-Logo.jpg\",\"datePublished\":\"2022-10-31T09:15:37+00:00\",\"dateModified\":\"2022-10-31T09:18:51+00:00\",\"breadcrumb\":{\"@id\":\"https:\/\/www.bmbf-wax.de\/stakeholder-beteiligung-erfolgreich-gestartet-projekt-klimawerk-im-dialog-mit-behoerden-landwirtschaft-und-naturschutz-zur-resilienzerhoehung-gegenueber-wasser-extremen\/#breadcrumb\"},\"inLanguage\":\"en-US\",\"potentialAction\":[{\"@type\":\"ReadAction\",\"target\":[\"https:\/\/www.bmbf-wax.de\/stakeholder-beteiligung-erfolgreich-gestartet-projekt-klimawerk-im-dialog-mit-behoerden-landwirtschaft-und-naturschutz-zur-resilienzerhoehung-gegenueber-wasser-extremen\/\"]}]},{\"@type\":\"ImageObject\",\"inLanguage\":\"en-US\",\"@id\":\"https:\/\/www.bmbf-wax.de\/stakeholder-beteiligung-erfolgreich-gestartet-projekt-klimawerk-im-dialog-mit-behoerden-landwirtschaft-und-naturschutz-zur-resilienzerhoehung-gegenueber-wasser-extremen\/#primaryimage\",\"url\":\"https:\/\/www.bmbf-wax.de\/wp-content\/uploads\/KLimawerk-Logo.jpg\",\"contentUrl\":\"https:\/\/www.bmbf-wax.de\/wp-content\/uploads\/KLimawerk-Logo.jpg\",\"width\":1002,\"height\":415},{\"@type\":\"BreadcrumbList\",\"@id\":\"https:\/\/www.bmbf-wax.de\/stakeholder-beteiligung-erfolgreich-gestartet-projekt-klimawerk-im-dialog-mit-behoerden-landwirtschaft-und-naturschutz-zur-resilienzerhoehung-gegenueber-wasser-extremen\/#breadcrumb\",\"itemListElement\":[{\"@type\":\"ListItem\",\"position\":1,\"name\":\"Startseite\",\"item\":\"https:\/\/www.bmbf-wax.de\/\"},{\"@type\":\"ListItem\",\"position\":2,\"name\":\"Stakeholder-Beteiligung erfolgreich gestartet: Projekt KliMaWerk im Dialog mit Beh\u00f6rden, Landwirtschaft und Naturschutz zur Resilienzerh\u00f6hung gegen\u00fcber Wasser-Extremen\"}]},{\"@type\":\"WebSite\",\"@id\":\"https:\/\/www.bmbf-wax.de\/#website\",\"url\":\"https:\/\/www.bmbf-wax.de\/\",\"name\":\"BMBF WAX\",\"description\":\"\",\"publisher\":{\"@id\":\"https:\/\/www.bmbf-wax.de\/#organization\"},\"potentialAction\":[{\"@type\":\"SearchAction\",\"target\":{\"@type\":\"EntryPoint\",\"urlTemplate\":\"https:\/\/www.bmbf-wax.de\/?s={search_term_string}\"},\"query-input\":{\"@type\":\"PropertyValueSpecification\",\"valueRequired\":true,\"valueName\":\"search_term_string\"}}],\"inLanguage\":\"en-US\"},{\"@type\":\"Organization\",\"@id\":\"https:\/\/www.bmbf-wax.de\/#organization\",\"name\":\"BMBF WAX\",\"url\":\"https:\/\/www.bmbf-wax.de\/\",\"logo\":{\"@type\":\"ImageObject\",\"inLanguage\":\"en-US\",\"@id\":\"https:\/\/www.bmbf-wax.de\/#\/schema\/logo\/image\/\",\"url\":\"https:\/\/www.bmbf-wax.de\/wp-content\/uploads\/WaX_Logo_RGB.png\",\"contentUrl\":\"https:\/\/www.bmbf-wax.de\/wp-content\/uploads\/WaX_Logo_RGB.png\",\"width\":2953,\"height\":1182,\"caption\":\"BMBF WAX\"},\"image\":{\"@id\":\"https:\/\/www.bmbf-wax.de\/#\/schema\/logo\/image\/\"}},{\"@type\":\"Person\",\"@id\":\"https:\/\/www.bmbf-wax.de\/#\/schema\/person\/f5feef05772bb5693ff8d60764bdb161\",\"name\":\"Andr\u00e9 Voth\",\"sameAs\":[\"http:\/\/dkkv.org\"],\"url\":\"https:\/\/www.bmbf-wax.de\/en\/author\/avoth\/\"}]}<\/script>\n<!-- \/ Yoast SEO plugin. -->","yoast_head_json":{"title":"Home - BMBF WAX","robots":{"index":"index","follow":"follow","max-snippet":"max-snippet:-1","max-image-preview":"max-image-preview:large","max-video-preview":"max-video-preview:-1"},"canonical":"https:\/\/www.bmbf-wax.de\/stakeholder-beteiligung-erfolgreich-gestartet-projekt-klimawerk-im-dialog-mit-behoerden-landwirtschaft-und-naturschutz-zur-resilienzerhoehung-gegenueber-wasser-extremen\/","og_locale":"en_US","og_type":"article","og_title":"Home - BMBF WAX","og_description":"Im thematisch passenden Ambiente am alten Lippehafen bei Wesel fand am 18.10.2022 der erste Stakeholder-Workshop des Projekts KliMaWerk.Wasser:Landschaft statt. Die Projektpartner kamen mit Vertreter:innen der Sektoren Naturschutz, Landwirtschaft, Wasserwirtschaft, Kommunen und Verwaltung \u00fcber die Auswirkungen von D\u00fcrre und Starkregen auf die Gew\u00e4sser sowie den Landschaftswasserhaushalt im Lippe-Einzugsgebiet ins Gespr\u00e4ch. M\u00f6gliche Ma\u00dfnahmen zur Steigerung der Resilienz [&hellip;]","og_url":"https:\/\/www.bmbf-wax.de\/stakeholder-beteiligung-erfolgreich-gestartet-projekt-klimawerk-im-dialog-mit-behoerden-landwirtschaft-und-naturschutz-zur-resilienzerhoehung-gegenueber-wasser-extremen\/","og_site_name":"BMBF WAX","article_published_time":"2022-10-31T09:15:37+00:00","article_modified_time":"2022-10-31T09:18:51+00:00","og_image":[{"width":1002,"height":415,"url":"https:\/\/www.bmbf-wax.de\/wp-content\/uploads\/KLimawerk-Logo.jpg","type":"image\/jpeg"}],"author":"Andr\u00e9 Voth","twitter_card":"summary_large_image","twitter_misc":{"Written by":"Andr\u00e9 Voth","Est. reading time":"2 minutes"},"schema":{"@context":"https:\/\/schema.org","@graph":[{"@type":"Article","@id":"https:\/\/www.bmbf-wax.de\/stakeholder-beteiligung-erfolgreich-gestartet-projekt-klimawerk-im-dialog-mit-behoerden-landwirtschaft-und-naturschutz-zur-resilienzerhoehung-gegenueber-wasser-extremen\/#article","isPartOf":{"@id":"https:\/\/www.bmbf-wax.de\/stakeholder-beteiligung-erfolgreich-gestartet-projekt-klimawerk-im-dialog-mit-behoerden-landwirtschaft-und-naturschutz-zur-resilienzerhoehung-gegenueber-wasser-extremen\/"},"author":{"name":"Andr\u00e9 Voth","@id":"https:\/\/www.bmbf-wax.de\/#\/schema\/person\/f5feef05772bb5693ff8d60764bdb161"},"headline":"Stakeholder-Beteiligung erfolgreich gestartet: Projekt KliMaWerk im Dialog mit Beh\u00f6rden, Landwirtschaft und Naturschutz zur Resilienzerh\u00f6hung gegen\u00fcber Wasser-Extremen","datePublished":"2022-10-31T09:15:37+00:00","dateModified":"2022-10-31T09:18:51+00:00","mainEntityOfPage":{"@id":"https:\/\/www.bmbf-wax.de\/stakeholder-beteiligung-erfolgreich-gestartet-projekt-klimawerk-im-dialog-mit-behoerden-landwirtschaft-und-naturschutz-zur-resilienzerhoehung-gegenueber-wasser-extremen\/"},"wordCount":262,"publisher":{"@id":"https:\/\/www.bmbf-wax.de\/#organization"},"image":{"@id":"https:\/\/www.bmbf-wax.de\/stakeholder-beteiligung-erfolgreich-gestartet-projekt-klimawerk-im-dialog-mit-behoerden-landwirtschaft-und-naturschutz-zur-resilienzerhoehung-gegenueber-wasser-extremen\/#primaryimage"},"thumbnailUrl":"https:\/\/www.bmbf-wax.de\/wp-content\/uploads\/KLimawerk-Logo.jpg","articleSection":["Unkategorisiert"],"inLanguage":"en-US"},{"@type":"WebPage","@id":"https:\/\/www.bmbf-wax.de\/stakeholder-beteiligung-erfolgreich-gestartet-projekt-klimawerk-im-dialog-mit-behoerden-landwirtschaft-und-naturschutz-zur-resilienzerhoehung-gegenueber-wasser-extremen\/","url":"https:\/\/www.bmbf-wax.de\/stakeholder-beteiligung-erfolgreich-gestartet-projekt-klimawerk-im-dialog-mit-behoerden-landwirtschaft-und-naturschutz-zur-resilienzerhoehung-gegenueber-wasser-extremen\/","name":"Home - BMBF WAX","isPartOf":{"@id":"https:\/\/www.bmbf-wax.de\/#website"},"primaryImageOfPage":{"@id":"https:\/\/www.bmbf-wax.de\/stakeholder-beteiligung-erfolgreich-gestartet-projekt-klimawerk-im-dialog-mit-behoerden-landwirtschaft-und-naturschutz-zur-resilienzerhoehung-gegenueber-wasser-extremen\/#primaryimage"},"image":{"@id":"https:\/\/www.bmbf-wax.de\/stakeholder-beteiligung-erfolgreich-gestartet-projekt-klimawerk-im-dialog-mit-behoerden-landwirtschaft-und-naturschutz-zur-resilienzerhoehung-gegenueber-wasser-extremen\/#primaryimage"},"thumbnailUrl":"https:\/\/www.bmbf-wax.de\/wp-content\/uploads\/KLimawerk-Logo.jpg","datePublished":"2022-10-31T09:15:37+00:00","dateModified":"2022-10-31T09:18:51+00:00","breadcrumb":{"@id":"https:\/\/www.bmbf-wax.de\/stakeholder-beteiligung-erfolgreich-gestartet-projekt-klimawerk-im-dialog-mit-behoerden-landwirtschaft-und-naturschutz-zur-resilienzerhoehung-gegenueber-wasser-extremen\/#breadcrumb"},"inLanguage":"en-US","potentialAction":[{"@type":"ReadAction","target":["https:\/\/www.bmbf-wax.de\/stakeholder-beteiligung-erfolgreich-gestartet-projekt-klimawerk-im-dialog-mit-behoerden-landwirtschaft-und-naturschutz-zur-resilienzerhoehung-gegenueber-wasser-extremen\/"]}]},{"@type":"ImageObject","inLanguage":"en-US","@id":"https:\/\/www.bmbf-wax.de\/stakeholder-beteiligung-erfolgreich-gestartet-projekt-klimawerk-im-dialog-mit-behoerden-landwirtschaft-und-naturschutz-zur-resilienzerhoehung-gegenueber-wasser-extremen\/#primaryimage","url":"https:\/\/www.bmbf-wax.de\/wp-content\/uploads\/KLimawerk-Logo.jpg","contentUrl":"https:\/\/www.bmbf-wax.de\/wp-content\/uploads\/KLimawerk-Logo.jpg","width":1002,"height":415},{"@type":"BreadcrumbList","@id":"https:\/\/www.bmbf-wax.de\/stakeholder-beteiligung-erfolgreich-gestartet-projekt-klimawerk-im-dialog-mit-behoerden-landwirtschaft-und-naturschutz-zur-resilienzerhoehung-gegenueber-wasser-extremen\/#breadcrumb","itemListElement":[{"@type":"ListItem","position":1,"name":"Startseite","item":"https:\/\/www.bmbf-wax.de\/"},{"@type":"ListItem","position":2,"name":"Stakeholder-Beteiligung erfolgreich gestartet: Projekt KliMaWerk im Dialog mit Beh\u00f6rden, Landwirtschaft und Naturschutz zur Resilienzerh\u00f6hung gegen\u00fcber Wasser-Extremen"}]},{"@type":"WebSite","@id":"https:\/\/www.bmbf-wax.de\/#website","url":"https:\/\/www.bmbf-wax.de\/","name":"BMBF WAX","description":"","publisher":{"@id":"https:\/\/www.bmbf-wax.de\/#organization"},"potentialAction":[{"@type":"SearchAction","target":{"@type":"EntryPoint","urlTemplate":"https:\/\/www.bmbf-wax.de\/?s={search_term_string}"},"query-input":{"@type":"PropertyValueSpecification","valueRequired":true,"valueName":"search_term_string"}}],"inLanguage":"en-US"},{"@type":"Organization","@id":"https:\/\/www.bmbf-wax.de\/#organization","name":"BMBF WAX","url":"https:\/\/www.bmbf-wax.de\/","logo":{"@type":"ImageObject","inLanguage":"en-US","@id":"https:\/\/www.bmbf-wax.de\/#\/schema\/logo\/image\/","url":"https:\/\/www.bmbf-wax.de\/wp-content\/uploads\/WaX_Logo_RGB.png","contentUrl":"https:\/\/www.bmbf-wax.de\/wp-content\/uploads\/WaX_Logo_RGB.png","width":2953,"height":1182,"caption":"BMBF WAX"},"image":{"@id":"https:\/\/www.bmbf-wax.de\/#\/schema\/logo\/image\/"}},{"@type":"Person","@id":"https:\/\/www.bmbf-wax.de\/#\/schema\/person\/f5feef05772bb5693ff8d60764bdb161","name":"Andr\u00e9 Voth","sameAs":["http:\/\/dkkv.org"],"url":"https:\/\/www.bmbf-wax.de\/en\/author\/avoth\/"}]}},"_links":{"self":[{"href":"https:\/\/www.bmbf-wax.de\/en\/wp-json\/wp\/v2\/posts\/3224","targetHints":{"allow":["GET"]}}],"collection":[{"href":"https:\/\/www.bmbf-wax.de\/en\/wp-json\/wp\/v2\/posts"}],"about":[{"href":"https:\/\/www.bmbf-wax.de\/en\/wp-json\/wp\/v2\/types\/post"}],"author":[{"embeddable":true,"href":"https:\/\/www.bmbf-wax.de\/en\/wp-json\/wp\/v2\/users\/3"}],"replies":[{"embeddable":true,"href":"https:\/\/www.bmbf-wax.de\/en\/wp-json\/wp\/v2\/comments?post=3224"}],"version-history":[{"count":2,"href":"https:\/\/www.bmbf-wax.de\/en\/wp-json\/wp\/v2\/posts\/3224\/revisions"}],"predecessor-version":[{"id":3228,"href":"https:\/\/www.bmbf-wax.de\/en\/wp-json\/wp\/v2\/posts\/3224\/revisions\/3228"}],"wp:featuredmedia":[{"embeddable":true,"href":"https:\/\/www.bmbf-wax.de\/en\/wp-json\/wp\/v2\/media\/1070"}],"wp:attachment":[{"href":"https:\/\/www.bmbf-wax.de\/en\/wp-json\/wp\/v2\/media?parent=3224"}],"wp:term":[{"taxonomy":"category","embeddable":true,"href":"https:\/\/www.bmbf-wax.de\/en\/wp-json\/wp\/v2\/categories?post=3224"},{"taxonomy":"post_tag","embeddable":true,"href":"https:\/\/www.bmbf-wax.de\/en\/wp-json\/wp\/v2\/tags?post=3224"}],"curies":[{"name":"wp","href":"https:\/\/api.w.org\/{rel}","templated":true}]}}