{"id":3214,"date":"2022-10-26T11:57:04","date_gmt":"2022-10-26T09:57:04","guid":{"rendered":"https:\/\/www.bmbf-wax.de\/?p=3214"},"modified":"2022-10-26T11:57:06","modified_gmt":"2022-10-26T09:57:06","slug":"auftaktveranstaltung-spreewassern","status":"publish","type":"post","link":"https:\/\/www.bmbf-wax.de\/en\/auftaktveranstaltung-spreewassern\/","title":{"rendered":"Auftaktveranstaltung SpreeWasser:N"},"content":{"rendered":"\n<p>Am 17. Oktober 2022 fand in den R\u00e4umen der Technischen Universit\u00e4t Berlin die offizielle Auftaktveranstaltung des Verbundvorhabens SpreeWasser:N statt. Das gr\u00f6\u00dfte der zw\u00f6lf Forschungsverb\u00fcnde der WaX-F\u00f6rderma\u00dfnahme will die Region Berlin-Brandenburg an zuk\u00fcnftig vermehrt auftretende Wasserextremereignisse besser anpassen. Das Konsortium besteht aus Expert:innen der Technischen Universit\u00e4t Berlin, der Freien Universit\u00e4t Berlin, dem Potsdam Institut f\u00fcr Klimafolgenforschung, der Bundesanstalt f\u00fcr Gew\u00e4sserkunde, dem Leibnitz-Zentrum f\u00fcr Agrarlandschaftsforschung, der Universit\u00e4t Trier, der adelphi GmbH, den Berliner Wasserbetrieben, der Truebner GmbH und der Ingeniuergesellschaft Prof. Dr. Sieker. Mit lokalen Stakeholdern aus der Region will das Konsortium ein langfristiges Wasserbewirtschaftungskonzept entwickeln, dass die lokale \u00d6kologie und Hydrologie sowie die regionalen Entwicklungsziele miteinbezieht. Als Transferprodukte sollen ein D\u00fcrrefr\u00fchwarnsystem und eine Toolbox zum Thema Speicherbewirtschaftung implementiert werden. Die Speicher-Tool Box unterst\u00fctzt Wasserversorger bei der Auswahl von Ma\u00dfnahmen zur Wasserspeicherung um hydrologische Extreme abzufangen. Das D\u00fcrrefr\u00fchwarnsystem berechnet kurzfristige und saisonale Prognosezeitr\u00e4ume und erm\u00f6glicht Landwirten eine effizientere Wassernutzungsplanung und Anbaustrategie.<\/p>\n\n\n\n<p>Bei der Auftaktveranstaltung waren die Projektpartner sowie zahlreiche Stakeholder aus den Bereichen Wassernutzer sowie regionale und \u00fcberregionale Entscheidungstr\u00e4ger (Umweltbundesamt, Deutscher Wetterdienst, Bundesamt f\u00fcr Naturschutz) anwesend. Das Interesse der vielen verschiedenen Stakeholder an dem Projekt zeigt auch die Brisanz des Themas. Zu den lokalen Stakeholdern geh\u00f6rt u.a. der NABU F\u00fcrstenwalde, der M\u00e4rkischer Wirtschaftsverbund e.V., der Wasserverband Strausberg-Erkner, Tesla Inc., die Frankfurter Wasser- und Abwassergesellschaft mbH, der Zweckverband Wasserversorgung und Abwasserentsorgung F\u00fcrstenwalde und Umland. Die regionalen Entscheidungstr\u00e4ger sind das Ministerium f\u00fcr Landwirtschaft, Umwelt und Klimaschutz Brandenburg, das Landesumweltamt Brandenburg, die Senatsverwaltung f\u00fcr Umwelt, Mobilit\u00e4t, Verbraucher- und Klimaschutz Berlin, das Landesamt f\u00fcr Bergbau, Geologie und Rohstoffe Brandenburg, die Flussgebietsgemeinschaft Elbe, die regionale Planungsstelle Oderland-Spree, der Wasser- und Landschaftspflegeverband \u201eUntere Spree\u201c sowie die Wasserstra\u00dfen- und Schifffahrtsverwaltung des Bundes. Nach der Vorstellung des Verbundvorhabens wurde in Kleingruppen die Erwartungshaltung an die Transferprodukte abgestimmt. Besprochen wurden die Fragen, was ist bekannt zum Zustand der Ressource Wasser in Brandenburg und welches Wissen fehlt. Es wurde er\u00f6rtert welche Ma\u00dfnahmen zur Wasserspeicherung existieren und angewandt werden k\u00f6nnten. An der dritten Station wurde mit Vertretern des Landwirtschaftsamtes Oder-Spree, dem Landesbauernverband Brandenburg, der Bioland e.V., dem Fachverband Bew\u00e4sserungslandbau Mitteldeutschland e.V. und den beteiligten Wissenschaftlern die Erwartungen an das D\u00fcrrefr\u00fchwarnsystem besprochen. Der intensive Tag wurde durch ein gemeinsames Kunstprojekt zum Thema \u201eWasser\u201c abgerundet und endete mit einem gemeinsamen Abendessen, wo den verschiedenen Projektpartner Raum und Zeit gegeben wurde sich weiter zu vernetzen und teilweise zum ersten Mal real miteinander zu diskutieren.<\/p>\n","protected":false},"excerpt":{"rendered":"<p>Am 17. Oktober 2022 fand in den R\u00e4umen der Technischen Universit\u00e4t Berlin die offizielle Auftaktveranstaltung des Verbundvorhabens SpreeWasser:N statt. Das gr\u00f6\u00dfte der zw\u00f6lf Forschungsverb\u00fcnde der WaX-F\u00f6rderma\u00dfnahme will die Region Berlin-Brandenburg an zuk\u00fcnftig vermehrt auftretende Wasserextremereignisse besser anpassen. Das Konsortium besteht aus Expert:innen der Technischen Universit\u00e4t Berlin, der Freien Universit\u00e4t Berlin, dem Potsdam Institut f\u00fcr Klimafolgenforschung, [&hellip;]<\/p>\n","protected":false},"author":2,"featured_media":3216,"comment_status":"closed","ping_status":"closed","sticky":false,"template":"","format":"standard","meta":{"_acf_changed":false,"footnotes":""},"categories":[1],"tags":[],"class_list":["post-3214","post","type-post","status-publish","format-standard","has-post-thumbnail","hentry","category-unkategorisiert"],"acf":[],"yoast_head":"<!-- This site is optimized with the Yoast SEO plugin v24.9 - https:\/\/yoast.com\/wordpress\/plugins\/seo\/ -->\n<title>Home - BMBF WAX<\/title>\n<meta name=\"robots\" content=\"index, follow, max-snippet:-1, max-image-preview:large, max-video-preview:-1\" \/>\n<link rel=\"canonical\" href=\"https:\/\/www.bmbf-wax.de\/auftaktveranstaltung-spreewassern\/\" \/>\n<meta property=\"og:locale\" content=\"en_US\" \/>\n<meta property=\"og:type\" content=\"article\" \/>\n<meta property=\"og:title\" content=\"Home - BMBF WAX\" \/>\n<meta property=\"og:description\" content=\"Am 17. Oktober 2022 fand in den R\u00e4umen der Technischen Universit\u00e4t Berlin die offizielle Auftaktveranstaltung des Verbundvorhabens SpreeWasser:N statt. Das gr\u00f6\u00dfte der zw\u00f6lf Forschungsverb\u00fcnde der WaX-F\u00f6rderma\u00dfnahme will die Region Berlin-Brandenburg an zuk\u00fcnftig vermehrt auftretende Wasserextremereignisse besser anpassen. Das Konsortium besteht aus Expert:innen der Technischen Universit\u00e4t Berlin, der Freien Universit\u00e4t Berlin, dem Potsdam Institut f\u00fcr Klimafolgenforschung, [&hellip;]\" \/>\n<meta property=\"og:url\" content=\"https:\/\/www.bmbf-wax.de\/auftaktveranstaltung-spreewassern\/\" \/>\n<meta property=\"og:site_name\" content=\"BMBF WAX\" \/>\n<meta property=\"article:published_time\" content=\"2022-10-26T09:57:04+00:00\" \/>\n<meta property=\"article:modified_time\" content=\"2022-10-26T09:57:06+00:00\" \/>\n<meta property=\"og:image\" content=\"https:\/\/www.bmbf-wax.de\/wp-content\/uploads\/cTUB_Paul_Hepach-scaled.jpg\" \/>\n\t<meta property=\"og:image:width\" content=\"2560\" \/>\n\t<meta property=\"og:image:height\" content=\"1919\" \/>\n\t<meta property=\"og:image:type\" content=\"image\/jpeg\" \/>\n<meta name=\"author\" content=\"Melanie Schwarz\" \/>\n<meta name=\"twitter:card\" content=\"summary_large_image\" \/>\n<meta name=\"twitter:label1\" content=\"Written by\" \/>\n\t<meta name=\"twitter:data1\" content=\"Melanie Schwarz\" \/>\n\t<meta name=\"twitter:label2\" content=\"Est. reading time\" \/>\n\t<meta name=\"twitter:data2\" content=\"3 minutes\" \/>\n<script type=\"application\/ld+json\" class=\"yoast-schema-graph\">{\"@context\":\"https:\/\/schema.org\",\"@graph\":[{\"@type\":\"Article\",\"@id\":\"https:\/\/www.bmbf-wax.de\/auftaktveranstaltung-spreewassern\/#article\",\"isPartOf\":{\"@id\":\"https:\/\/www.bmbf-wax.de\/auftaktveranstaltung-spreewassern\/\"},\"author\":{\"name\":\"Melanie Schwarz\",\"@id\":\"https:\/\/www.bmbf-wax.de\/#\/schema\/person\/b1cc7144c137826811a8267911c22ede\"},\"headline\":\"Auftaktveranstaltung SpreeWasser:N\",\"datePublished\":\"2022-10-26T09:57:04+00:00\",\"dateModified\":\"2022-10-26T09:57:06+00:00\",\"mainEntityOfPage\":{\"@id\":\"https:\/\/www.bmbf-wax.de\/auftaktveranstaltung-spreewassern\/\"},\"wordCount\":436,\"publisher\":{\"@id\":\"https:\/\/www.bmbf-wax.de\/#organization\"},\"image\":{\"@id\":\"https:\/\/www.bmbf-wax.de\/auftaktveranstaltung-spreewassern\/#primaryimage\"},\"thumbnailUrl\":\"https:\/\/www.bmbf-wax.de\/wp-content\/uploads\/cTUB_Paul_Hepach-scaled.jpg\",\"articleSection\":[\"Unkategorisiert\"],\"inLanguage\":\"en-US\"},{\"@type\":\"WebPage\",\"@id\":\"https:\/\/www.bmbf-wax.de\/auftaktveranstaltung-spreewassern\/\",\"url\":\"https:\/\/www.bmbf-wax.de\/auftaktveranstaltung-spreewassern\/\",\"name\":\"Home - BMBF WAX\",\"isPartOf\":{\"@id\":\"https:\/\/www.bmbf-wax.de\/#website\"},\"primaryImageOfPage\":{\"@id\":\"https:\/\/www.bmbf-wax.de\/auftaktveranstaltung-spreewassern\/#primaryimage\"},\"image\":{\"@id\":\"https:\/\/www.bmbf-wax.de\/auftaktveranstaltung-spreewassern\/#primaryimage\"},\"thumbnailUrl\":\"https:\/\/www.bmbf-wax.de\/wp-content\/uploads\/cTUB_Paul_Hepach-scaled.jpg\",\"datePublished\":\"2022-10-26T09:57:04+00:00\",\"dateModified\":\"2022-10-26T09:57:06+00:00\",\"breadcrumb\":{\"@id\":\"https:\/\/www.bmbf-wax.de\/auftaktveranstaltung-spreewassern\/#breadcrumb\"},\"inLanguage\":\"en-US\",\"potentialAction\":[{\"@type\":\"ReadAction\",\"target\":[\"https:\/\/www.bmbf-wax.de\/auftaktveranstaltung-spreewassern\/\"]}]},{\"@type\":\"ImageObject\",\"inLanguage\":\"en-US\",\"@id\":\"https:\/\/www.bmbf-wax.de\/auftaktveranstaltung-spreewassern\/#primaryimage\",\"url\":\"https:\/\/www.bmbf-wax.de\/wp-content\/uploads\/cTUB_Paul_Hepach-scaled.jpg\",\"contentUrl\":\"https:\/\/www.bmbf-wax.de\/wp-content\/uploads\/cTUB_Paul_Hepach-scaled.jpg\",\"width\":2560,\"height\":1919,\"caption\":\"created by dji camera\"},{\"@type\":\"BreadcrumbList\",\"@id\":\"https:\/\/www.bmbf-wax.de\/auftaktveranstaltung-spreewassern\/#breadcrumb\",\"itemListElement\":[{\"@type\":\"ListItem\",\"position\":1,\"name\":\"Startseite\",\"item\":\"https:\/\/www.bmbf-wax.de\/\"},{\"@type\":\"ListItem\",\"position\":2,\"name\":\"Auftaktveranstaltung SpreeWasser:N\"}]},{\"@type\":\"WebSite\",\"@id\":\"https:\/\/www.bmbf-wax.de\/#website\",\"url\":\"https:\/\/www.bmbf-wax.de\/\",\"name\":\"BMBF WAX\",\"description\":\"\",\"publisher\":{\"@id\":\"https:\/\/www.bmbf-wax.de\/#organization\"},\"potentialAction\":[{\"@type\":\"SearchAction\",\"target\":{\"@type\":\"EntryPoint\",\"urlTemplate\":\"https:\/\/www.bmbf-wax.de\/?s={search_term_string}\"},\"query-input\":{\"@type\":\"PropertyValueSpecification\",\"valueRequired\":true,\"valueName\":\"search_term_string\"}}],\"inLanguage\":\"en-US\"},{\"@type\":\"Organization\",\"@id\":\"https:\/\/www.bmbf-wax.de\/#organization\",\"name\":\"BMBF WAX\",\"url\":\"https:\/\/www.bmbf-wax.de\/\",\"logo\":{\"@type\":\"ImageObject\",\"inLanguage\":\"en-US\",\"@id\":\"https:\/\/www.bmbf-wax.de\/#\/schema\/logo\/image\/\",\"url\":\"https:\/\/www.bmbf-wax.de\/wp-content\/uploads\/WaX_Logo_RGB.png\",\"contentUrl\":\"https:\/\/www.bmbf-wax.de\/wp-content\/uploads\/WaX_Logo_RGB.png\",\"width\":2953,\"height\":1182,\"caption\":\"BMBF WAX\"},\"image\":{\"@id\":\"https:\/\/www.bmbf-wax.de\/#\/schema\/logo\/image\/\"}},{\"@type\":\"Person\",\"@id\":\"https:\/\/www.bmbf-wax.de\/#\/schema\/person\/b1cc7144c137826811a8267911c22ede\",\"name\":\"Melanie Schwarz\",\"sameAs\":[\"https:\/\/www.bmbf-wax.de\/\"],\"url\":\"https:\/\/www.bmbf-wax.de\/en\/author\/mschwarz\/\"}]}<\/script>\n<!-- \/ Yoast SEO plugin. -->","yoast_head_json":{"title":"Home - BMBF WAX","robots":{"index":"index","follow":"follow","max-snippet":"max-snippet:-1","max-image-preview":"max-image-preview:large","max-video-preview":"max-video-preview:-1"},"canonical":"https:\/\/www.bmbf-wax.de\/auftaktveranstaltung-spreewassern\/","og_locale":"en_US","og_type":"article","og_title":"Home - BMBF WAX","og_description":"Am 17. Oktober 2022 fand in den R\u00e4umen der Technischen Universit\u00e4t Berlin die offizielle Auftaktveranstaltung des Verbundvorhabens SpreeWasser:N statt. Das gr\u00f6\u00dfte der zw\u00f6lf Forschungsverb\u00fcnde der WaX-F\u00f6rderma\u00dfnahme will die Region Berlin-Brandenburg an zuk\u00fcnftig vermehrt auftretende Wasserextremereignisse besser anpassen. Das Konsortium besteht aus Expert:innen der Technischen Universit\u00e4t Berlin, der Freien Universit\u00e4t Berlin, dem Potsdam Institut f\u00fcr Klimafolgenforschung, [&hellip;]","og_url":"https:\/\/www.bmbf-wax.de\/auftaktveranstaltung-spreewassern\/","og_site_name":"BMBF WAX","article_published_time":"2022-10-26T09:57:04+00:00","article_modified_time":"2022-10-26T09:57:06+00:00","og_image":[{"width":2560,"height":1919,"url":"https:\/\/www.bmbf-wax.de\/wp-content\/uploads\/cTUB_Paul_Hepach-scaled.jpg","type":"image\/jpeg"}],"author":"Melanie Schwarz","twitter_card":"summary_large_image","twitter_misc":{"Written by":"Melanie Schwarz","Est. reading time":"3 minutes"},"schema":{"@context":"https:\/\/schema.org","@graph":[{"@type":"Article","@id":"https:\/\/www.bmbf-wax.de\/auftaktveranstaltung-spreewassern\/#article","isPartOf":{"@id":"https:\/\/www.bmbf-wax.de\/auftaktveranstaltung-spreewassern\/"},"author":{"name":"Melanie Schwarz","@id":"https:\/\/www.bmbf-wax.de\/#\/schema\/person\/b1cc7144c137826811a8267911c22ede"},"headline":"Auftaktveranstaltung SpreeWasser:N","datePublished":"2022-10-26T09:57:04+00:00","dateModified":"2022-10-26T09:57:06+00:00","mainEntityOfPage":{"@id":"https:\/\/www.bmbf-wax.de\/auftaktveranstaltung-spreewassern\/"},"wordCount":436,"publisher":{"@id":"https:\/\/www.bmbf-wax.de\/#organization"},"image":{"@id":"https:\/\/www.bmbf-wax.de\/auftaktveranstaltung-spreewassern\/#primaryimage"},"thumbnailUrl":"https:\/\/www.bmbf-wax.de\/wp-content\/uploads\/cTUB_Paul_Hepach-scaled.jpg","articleSection":["Unkategorisiert"],"inLanguage":"en-US"},{"@type":"WebPage","@id":"https:\/\/www.bmbf-wax.de\/auftaktveranstaltung-spreewassern\/","url":"https:\/\/www.bmbf-wax.de\/auftaktveranstaltung-spreewassern\/","name":"Home - BMBF WAX","isPartOf":{"@id":"https:\/\/www.bmbf-wax.de\/#website"},"primaryImageOfPage":{"@id":"https:\/\/www.bmbf-wax.de\/auftaktveranstaltung-spreewassern\/#primaryimage"},"image":{"@id":"https:\/\/www.bmbf-wax.de\/auftaktveranstaltung-spreewassern\/#primaryimage"},"thumbnailUrl":"https:\/\/www.bmbf-wax.de\/wp-content\/uploads\/cTUB_Paul_Hepach-scaled.jpg","datePublished":"2022-10-26T09:57:04+00:00","dateModified":"2022-10-26T09:57:06+00:00","breadcrumb":{"@id":"https:\/\/www.bmbf-wax.de\/auftaktveranstaltung-spreewassern\/#breadcrumb"},"inLanguage":"en-US","potentialAction":[{"@type":"ReadAction","target":["https:\/\/www.bmbf-wax.de\/auftaktveranstaltung-spreewassern\/"]}]},{"@type":"ImageObject","inLanguage":"en-US","@id":"https:\/\/www.bmbf-wax.de\/auftaktveranstaltung-spreewassern\/#primaryimage","url":"https:\/\/www.bmbf-wax.de\/wp-content\/uploads\/cTUB_Paul_Hepach-scaled.jpg","contentUrl":"https:\/\/www.bmbf-wax.de\/wp-content\/uploads\/cTUB_Paul_Hepach-scaled.jpg","width":2560,"height":1919,"caption":"created by dji camera"},{"@type":"BreadcrumbList","@id":"https:\/\/www.bmbf-wax.de\/auftaktveranstaltung-spreewassern\/#breadcrumb","itemListElement":[{"@type":"ListItem","position":1,"name":"Startseite","item":"https:\/\/www.bmbf-wax.de\/"},{"@type":"ListItem","position":2,"name":"Auftaktveranstaltung SpreeWasser:N"}]},{"@type":"WebSite","@id":"https:\/\/www.bmbf-wax.de\/#website","url":"https:\/\/www.bmbf-wax.de\/","name":"BMBF WAX","description":"","publisher":{"@id":"https:\/\/www.bmbf-wax.de\/#organization"},"potentialAction":[{"@type":"SearchAction","target":{"@type":"EntryPoint","urlTemplate":"https:\/\/www.bmbf-wax.de\/?s={search_term_string}"},"query-input":{"@type":"PropertyValueSpecification","valueRequired":true,"valueName":"search_term_string"}}],"inLanguage":"en-US"},{"@type":"Organization","@id":"https:\/\/www.bmbf-wax.de\/#organization","name":"BMBF WAX","url":"https:\/\/www.bmbf-wax.de\/","logo":{"@type":"ImageObject","inLanguage":"en-US","@id":"https:\/\/www.bmbf-wax.de\/#\/schema\/logo\/image\/","url":"https:\/\/www.bmbf-wax.de\/wp-content\/uploads\/WaX_Logo_RGB.png","contentUrl":"https:\/\/www.bmbf-wax.de\/wp-content\/uploads\/WaX_Logo_RGB.png","width":2953,"height":1182,"caption":"BMBF WAX"},"image":{"@id":"https:\/\/www.bmbf-wax.de\/#\/schema\/logo\/image\/"}},{"@type":"Person","@id":"https:\/\/www.bmbf-wax.de\/#\/schema\/person\/b1cc7144c137826811a8267911c22ede","name":"Melanie Schwarz","sameAs":["https:\/\/www.bmbf-wax.de\/"],"url":"https:\/\/www.bmbf-wax.de\/en\/author\/mschwarz\/"}]}},"_links":{"self":[{"href":"https:\/\/www.bmbf-wax.de\/en\/wp-json\/wp\/v2\/posts\/3214","targetHints":{"allow":["GET"]}}],"collection":[{"href":"https:\/\/www.bmbf-wax.de\/en\/wp-json\/wp\/v2\/posts"}],"about":[{"href":"https:\/\/www.bmbf-wax.de\/en\/wp-json\/wp\/v2\/types\/post"}],"author":[{"embeddable":true,"href":"https:\/\/www.bmbf-wax.de\/en\/wp-json\/wp\/v2\/users\/2"}],"replies":[{"embeddable":true,"href":"https:\/\/www.bmbf-wax.de\/en\/wp-json\/wp\/v2\/comments?post=3214"}],"version-history":[{"count":1,"href":"https:\/\/www.bmbf-wax.de\/en\/wp-json\/wp\/v2\/posts\/3214\/revisions"}],"predecessor-version":[{"id":3218,"href":"https:\/\/www.bmbf-wax.de\/en\/wp-json\/wp\/v2\/posts\/3214\/revisions\/3218"}],"wp:featuredmedia":[{"embeddable":true,"href":"https:\/\/www.bmbf-wax.de\/en\/wp-json\/wp\/v2\/media\/3216"}],"wp:attachment":[{"href":"https:\/\/www.bmbf-wax.de\/en\/wp-json\/wp\/v2\/media?parent=3214"}],"wp:term":[{"taxonomy":"category","embeddable":true,"href":"https:\/\/www.bmbf-wax.de\/en\/wp-json\/wp\/v2\/categories?post=3214"},{"taxonomy":"post_tag","embeddable":true,"href":"https:\/\/www.bmbf-wax.de\/en\/wp-json\/wp\/v2\/tags?post=3214"}],"curies":[{"name":"wp","href":"https:\/\/api.w.org\/{rel}","templated":true}]}}