{"id":2479,"date":"2022-06-13T10:04:17","date_gmt":"2022-06-13T08:04:17","guid":{"rendered":"https:\/\/www.bmbf-wax.de\/?p=2479"},"modified":"2022-06-13T10:07:01","modified_gmt":"2022-06-13T08:07:01","slug":"video-wasserextremereignisse-der-initiative-forschung-fuer-nachhaltigkeit-fona-des-bmbf","status":"publish","type":"post","link":"https:\/\/www.bmbf-wax.de\/en\/video-wasserextremereignisse-der-initiative-forschung-fuer-nachhaltigkeit-fona-des-bmbf\/","title":{"rendered":"Video zu Wasserextremereignissen der Initiative Forschung f\u00fcr Nachhaltigkeit (FONA) des BMBF"},"content":{"rendered":"\n<p>Wie k\u00f6nnen sich St\u00e4dte und Gemeinden k\u00fcnftig besser auf Starkregen, Hochwasser und D\u00fcrren vorbereiten? Das Video gibt einen kurzen \u00dcberblick zu L\u00f6sungsans\u00e4tzen.<\/p>\n\n\n\n<p>Zum Video gelangen gelangen Sie <a href=\"https:\/\/www.fona.de\/de\/service\/mediathek\/2022\/video-wasserextremereignisse.php\" target=\"_blank\" rel=\"noreferrer noopener\">hier<\/a>.<\/p>\n","protected":false},"excerpt":{"rendered":"<p>Wie k\u00f6nnen sich St\u00e4dte und Gemeinden k\u00fcnftig besser auf Starkregen, Hochwasser und D\u00fcrren vorbereiten? Das Video gibt einen kurzen \u00dcberblick zu L\u00f6sungsans\u00e4tzen. Zum Video gelangen gelangen Sie hier.<\/p>\n","protected":false},"author":3,"featured_media":214,"comment_status":"closed","ping_status":"closed","sticky":false,"template":"","format":"standard","meta":{"_acf_changed":false,"footnotes":""},"categories":[1],"tags":[],"class_list":["post-2479","post","type-post","status-publish","format-standard","has-post-thumbnail","hentry","category-unkategorisiert"],"acf":[],"yoast_head":"<!-- This site is optimized with the Yoast SEO plugin v24.9 - https:\/\/yoast.com\/wordpress\/plugins\/seo\/ -->\n<title>Home - BMBF WAX<\/title>\n<meta name=\"robots\" content=\"index, follow, max-snippet:-1, max-image-preview:large, max-video-preview:-1\" \/>\n<link rel=\"canonical\" href=\"https:\/\/www.bmbf-wax.de\/video-wasserextremereignisse-der-initiative-forschung-fuer-nachhaltigkeit-fona-des-bmbf\/\" \/>\n<meta property=\"og:locale\" content=\"en_US\" \/>\n<meta property=\"og:type\" content=\"article\" \/>\n<meta property=\"og:title\" content=\"Home - BMBF WAX\" \/>\n<meta property=\"og:description\" content=\"Wie k\u00f6nnen sich St\u00e4dte und Gemeinden k\u00fcnftig besser auf Starkregen, Hochwasser und D\u00fcrren vorbereiten? Das Video gibt einen kurzen \u00dcberblick zu L\u00f6sungsans\u00e4tzen. Zum Video gelangen gelangen Sie hier.\" \/>\n<meta property=\"og:url\" content=\"https:\/\/www.bmbf-wax.de\/video-wasserextremereignisse-der-initiative-forschung-fuer-nachhaltigkeit-fona-des-bmbf\/\" \/>\n<meta property=\"og:site_name\" content=\"BMBF WAX\" \/>\n<meta property=\"article:published_time\" content=\"2022-06-13T08:04:17+00:00\" \/>\n<meta property=\"article:modified_time\" content=\"2022-06-13T08:07:01+00:00\" \/>\n<meta name=\"author\" content=\"Andr\u00e9 Voth\" \/>\n<meta name=\"twitter:card\" content=\"summary_large_image\" \/>\n<meta name=\"twitter:label1\" content=\"Written by\" \/>\n\t<meta name=\"twitter:data1\" content=\"Andr\u00e9 Voth\" \/>\n\t<meta name=\"twitter:label2\" content=\"Est. reading time\" \/>\n\t<meta name=\"twitter:data2\" content=\"1 minute\" \/>\n<script type=\"application\/ld+json\" class=\"yoast-schema-graph\">{\"@context\":\"https:\/\/schema.org\",\"@graph\":[{\"@type\":\"Article\",\"@id\":\"https:\/\/www.bmbf-wax.de\/video-wasserextremereignisse-der-initiative-forschung-fuer-nachhaltigkeit-fona-des-bmbf\/#article\",\"isPartOf\":{\"@id\":\"https:\/\/www.bmbf-wax.de\/video-wasserextremereignisse-der-initiative-forschung-fuer-nachhaltigkeit-fona-des-bmbf\/\"},\"author\":{\"name\":\"Andr\u00e9 Voth\",\"@id\":\"https:\/\/www.bmbf-wax.de\/#\/schema\/person\/f5feef05772bb5693ff8d60764bdb161\"},\"headline\":\"Video zu Wasserextremereignissen der Initiative Forschung f\u00fcr Nachhaltigkeit (FONA) des BMBF\",\"datePublished\":\"2022-06-13T08:04:17+00:00\",\"dateModified\":\"2022-06-13T08:07:01+00:00\",\"mainEntityOfPage\":{\"@id\":\"https:\/\/www.bmbf-wax.de\/video-wasserextremereignisse-der-initiative-forschung-fuer-nachhaltigkeit-fona-des-bmbf\/\"},\"wordCount\":46,\"publisher\":{\"@id\":\"https:\/\/www.bmbf-wax.de\/#organization\"},\"image\":{\"@id\":\"https:\/\/www.bmbf-wax.de\/video-wasserextremereignisse-der-initiative-forschung-fuer-nachhaltigkeit-fona-des-bmbf\/#primaryimage\"},\"thumbnailUrl\":\"https:\/\/www.bmbf-wax.de\/wp-content\/uploads\/FONA-N-de_Logo_rgb.svg\",\"articleSection\":[\"Unkategorisiert\"],\"inLanguage\":\"en-US\"},{\"@type\":\"WebPage\",\"@id\":\"https:\/\/www.bmbf-wax.de\/video-wasserextremereignisse-der-initiative-forschung-fuer-nachhaltigkeit-fona-des-bmbf\/\",\"url\":\"https:\/\/www.bmbf-wax.de\/video-wasserextremereignisse-der-initiative-forschung-fuer-nachhaltigkeit-fona-des-bmbf\/\",\"name\":\"Home - BMBF WAX\",\"isPartOf\":{\"@id\":\"https:\/\/www.bmbf-wax.de\/#website\"},\"primaryImageOfPage\":{\"@id\":\"https:\/\/www.bmbf-wax.de\/video-wasserextremereignisse-der-initiative-forschung-fuer-nachhaltigkeit-fona-des-bmbf\/#primaryimage\"},\"image\":{\"@id\":\"https:\/\/www.bmbf-wax.de\/video-wasserextremereignisse-der-initiative-forschung-fuer-nachhaltigkeit-fona-des-bmbf\/#primaryimage\"},\"thumbnailUrl\":\"https:\/\/www.bmbf-wax.de\/wp-content\/uploads\/FONA-N-de_Logo_rgb.svg\",\"datePublished\":\"2022-06-13T08:04:17+00:00\",\"dateModified\":\"2022-06-13T08:07:01+00:00\",\"breadcrumb\":{\"@id\":\"https:\/\/www.bmbf-wax.de\/video-wasserextremereignisse-der-initiative-forschung-fuer-nachhaltigkeit-fona-des-bmbf\/#breadcrumb\"},\"inLanguage\":\"en-US\",\"potentialAction\":[{\"@type\":\"ReadAction\",\"target\":[\"https:\/\/www.bmbf-wax.de\/video-wasserextremereignisse-der-initiative-forschung-fuer-nachhaltigkeit-fona-des-bmbf\/\"]}]},{\"@type\":\"ImageObject\",\"inLanguage\":\"en-US\",\"@id\":\"https:\/\/www.bmbf-wax.de\/video-wasserextremereignisse-der-initiative-forschung-fuer-nachhaltigkeit-fona-des-bmbf\/#primaryimage\",\"url\":\"https:\/\/www.bmbf-wax.de\/wp-content\/uploads\/FONA-N-de_Logo_rgb.svg\",\"contentUrl\":\"https:\/\/www.bmbf-wax.de\/wp-content\/uploads\/FONA-N-de_Logo_rgb.svg\"},{\"@type\":\"BreadcrumbList\",\"@id\":\"https:\/\/www.bmbf-wax.de\/video-wasserextremereignisse-der-initiative-forschung-fuer-nachhaltigkeit-fona-des-bmbf\/#breadcrumb\",\"itemListElement\":[{\"@type\":\"ListItem\",\"position\":1,\"name\":\"Startseite\",\"item\":\"https:\/\/www.bmbf-wax.de\/\"},{\"@type\":\"ListItem\",\"position\":2,\"name\":\"Video zu Wasserextremereignissen der Initiative Forschung f\u00fcr Nachhaltigkeit (FONA) des BMBF\"}]},{\"@type\":\"WebSite\",\"@id\":\"https:\/\/www.bmbf-wax.de\/#website\",\"url\":\"https:\/\/www.bmbf-wax.de\/\",\"name\":\"BMBF WAX\",\"description\":\"\",\"publisher\":{\"@id\":\"https:\/\/www.bmbf-wax.de\/#organization\"},\"potentialAction\":[{\"@type\":\"SearchAction\",\"target\":{\"@type\":\"EntryPoint\",\"urlTemplate\":\"https:\/\/www.bmbf-wax.de\/?s={search_term_string}\"},\"query-input\":{\"@type\":\"PropertyValueSpecification\",\"valueRequired\":true,\"valueName\":\"search_term_string\"}}],\"inLanguage\":\"en-US\"},{\"@type\":\"Organization\",\"@id\":\"https:\/\/www.bmbf-wax.de\/#organization\",\"name\":\"BMBF WAX\",\"url\":\"https:\/\/www.bmbf-wax.de\/\",\"logo\":{\"@type\":\"ImageObject\",\"inLanguage\":\"en-US\",\"@id\":\"https:\/\/www.bmbf-wax.de\/#\/schema\/logo\/image\/\",\"url\":\"https:\/\/www.bmbf-wax.de\/wp-content\/uploads\/WaX_Logo_RGB.png\",\"contentUrl\":\"https:\/\/www.bmbf-wax.de\/wp-content\/uploads\/WaX_Logo_RGB.png\",\"width\":2953,\"height\":1182,\"caption\":\"BMBF WAX\"},\"image\":{\"@id\":\"https:\/\/www.bmbf-wax.de\/#\/schema\/logo\/image\/\"}},{\"@type\":\"Person\",\"@id\":\"https:\/\/www.bmbf-wax.de\/#\/schema\/person\/f5feef05772bb5693ff8d60764bdb161\",\"name\":\"Andr\u00e9 Voth\",\"sameAs\":[\"http:\/\/dkkv.org\"],\"url\":\"https:\/\/www.bmbf-wax.de\/en\/author\/avoth\/\"}]}<\/script>\n<!-- \/ Yoast SEO plugin. -->","yoast_head_json":{"title":"Home - BMBF WAX","robots":{"index":"index","follow":"follow","max-snippet":"max-snippet:-1","max-image-preview":"max-image-preview:large","max-video-preview":"max-video-preview:-1"},"canonical":"https:\/\/www.bmbf-wax.de\/video-wasserextremereignisse-der-initiative-forschung-fuer-nachhaltigkeit-fona-des-bmbf\/","og_locale":"en_US","og_type":"article","og_title":"Home - BMBF WAX","og_description":"Wie k\u00f6nnen sich St\u00e4dte und Gemeinden k\u00fcnftig besser auf Starkregen, Hochwasser und D\u00fcrren vorbereiten? Das Video gibt einen kurzen \u00dcberblick zu L\u00f6sungsans\u00e4tzen. Zum Video gelangen gelangen Sie hier.","og_url":"https:\/\/www.bmbf-wax.de\/video-wasserextremereignisse-der-initiative-forschung-fuer-nachhaltigkeit-fona-des-bmbf\/","og_site_name":"BMBF WAX","article_published_time":"2022-06-13T08:04:17+00:00","article_modified_time":"2022-06-13T08:07:01+00:00","author":"Andr\u00e9 Voth","twitter_card":"summary_large_image","twitter_misc":{"Written by":"Andr\u00e9 Voth","Est. reading time":"1 minute"},"schema":{"@context":"https:\/\/schema.org","@graph":[{"@type":"Article","@id":"https:\/\/www.bmbf-wax.de\/video-wasserextremereignisse-der-initiative-forschung-fuer-nachhaltigkeit-fona-des-bmbf\/#article","isPartOf":{"@id":"https:\/\/www.bmbf-wax.de\/video-wasserextremereignisse-der-initiative-forschung-fuer-nachhaltigkeit-fona-des-bmbf\/"},"author":{"name":"Andr\u00e9 Voth","@id":"https:\/\/www.bmbf-wax.de\/#\/schema\/person\/f5feef05772bb5693ff8d60764bdb161"},"headline":"Video zu Wasserextremereignissen der Initiative Forschung f\u00fcr Nachhaltigkeit (FONA) des BMBF","datePublished":"2022-06-13T08:04:17+00:00","dateModified":"2022-06-13T08:07:01+00:00","mainEntityOfPage":{"@id":"https:\/\/www.bmbf-wax.de\/video-wasserextremereignisse-der-initiative-forschung-fuer-nachhaltigkeit-fona-des-bmbf\/"},"wordCount":46,"publisher":{"@id":"https:\/\/www.bmbf-wax.de\/#organization"},"image":{"@id":"https:\/\/www.bmbf-wax.de\/video-wasserextremereignisse-der-initiative-forschung-fuer-nachhaltigkeit-fona-des-bmbf\/#primaryimage"},"thumbnailUrl":"https:\/\/www.bmbf-wax.de\/wp-content\/uploads\/FONA-N-de_Logo_rgb.svg","articleSection":["Unkategorisiert"],"inLanguage":"en-US"},{"@type":"WebPage","@id":"https:\/\/www.bmbf-wax.de\/video-wasserextremereignisse-der-initiative-forschung-fuer-nachhaltigkeit-fona-des-bmbf\/","url":"https:\/\/www.bmbf-wax.de\/video-wasserextremereignisse-der-initiative-forschung-fuer-nachhaltigkeit-fona-des-bmbf\/","name":"Home - BMBF WAX","isPartOf":{"@id":"https:\/\/www.bmbf-wax.de\/#website"},"primaryImageOfPage":{"@id":"https:\/\/www.bmbf-wax.de\/video-wasserextremereignisse-der-initiative-forschung-fuer-nachhaltigkeit-fona-des-bmbf\/#primaryimage"},"image":{"@id":"https:\/\/www.bmbf-wax.de\/video-wasserextremereignisse-der-initiative-forschung-fuer-nachhaltigkeit-fona-des-bmbf\/#primaryimage"},"thumbnailUrl":"https:\/\/www.bmbf-wax.de\/wp-content\/uploads\/FONA-N-de_Logo_rgb.svg","datePublished":"2022-06-13T08:04:17+00:00","dateModified":"2022-06-13T08:07:01+00:00","breadcrumb":{"@id":"https:\/\/www.bmbf-wax.de\/video-wasserextremereignisse-der-initiative-forschung-fuer-nachhaltigkeit-fona-des-bmbf\/#breadcrumb"},"inLanguage":"en-US","potentialAction":[{"@type":"ReadAction","target":["https:\/\/www.bmbf-wax.de\/video-wasserextremereignisse-der-initiative-forschung-fuer-nachhaltigkeit-fona-des-bmbf\/"]}]},{"@type":"ImageObject","inLanguage":"en-US","@id":"https:\/\/www.bmbf-wax.de\/video-wasserextremereignisse-der-initiative-forschung-fuer-nachhaltigkeit-fona-des-bmbf\/#primaryimage","url":"https:\/\/www.bmbf-wax.de\/wp-content\/uploads\/FONA-N-de_Logo_rgb.svg","contentUrl":"https:\/\/www.bmbf-wax.de\/wp-content\/uploads\/FONA-N-de_Logo_rgb.svg"},{"@type":"BreadcrumbList","@id":"https:\/\/www.bmbf-wax.de\/video-wasserextremereignisse-der-initiative-forschung-fuer-nachhaltigkeit-fona-des-bmbf\/#breadcrumb","itemListElement":[{"@type":"ListItem","position":1,"name":"Startseite","item":"https:\/\/www.bmbf-wax.de\/"},{"@type":"ListItem","position":2,"name":"Video zu Wasserextremereignissen der Initiative Forschung f\u00fcr Nachhaltigkeit (FONA) des BMBF"}]},{"@type":"WebSite","@id":"https:\/\/www.bmbf-wax.de\/#website","url":"https:\/\/www.bmbf-wax.de\/","name":"BMBF WAX","description":"","publisher":{"@id":"https:\/\/www.bmbf-wax.de\/#organization"},"potentialAction":[{"@type":"SearchAction","target":{"@type":"EntryPoint","urlTemplate":"https:\/\/www.bmbf-wax.de\/?s={search_term_string}"},"query-input":{"@type":"PropertyValueSpecification","valueRequired":true,"valueName":"search_term_string"}}],"inLanguage":"en-US"},{"@type":"Organization","@id":"https:\/\/www.bmbf-wax.de\/#organization","name":"BMBF WAX","url":"https:\/\/www.bmbf-wax.de\/","logo":{"@type":"ImageObject","inLanguage":"en-US","@id":"https:\/\/www.bmbf-wax.de\/#\/schema\/logo\/image\/","url":"https:\/\/www.bmbf-wax.de\/wp-content\/uploads\/WaX_Logo_RGB.png","contentUrl":"https:\/\/www.bmbf-wax.de\/wp-content\/uploads\/WaX_Logo_RGB.png","width":2953,"height":1182,"caption":"BMBF WAX"},"image":{"@id":"https:\/\/www.bmbf-wax.de\/#\/schema\/logo\/image\/"}},{"@type":"Person","@id":"https:\/\/www.bmbf-wax.de\/#\/schema\/person\/f5feef05772bb5693ff8d60764bdb161","name":"Andr\u00e9 Voth","sameAs":["http:\/\/dkkv.org"],"url":"https:\/\/www.bmbf-wax.de\/en\/author\/avoth\/"}]}},"_links":{"self":[{"href":"https:\/\/www.bmbf-wax.de\/en\/wp-json\/wp\/v2\/posts\/2479","targetHints":{"allow":["GET"]}}],"collection":[{"href":"https:\/\/www.bmbf-wax.de\/en\/wp-json\/wp\/v2\/posts"}],"about":[{"href":"https:\/\/www.bmbf-wax.de\/en\/wp-json\/wp\/v2\/types\/post"}],"author":[{"embeddable":true,"href":"https:\/\/www.bmbf-wax.de\/en\/wp-json\/wp\/v2\/users\/3"}],"replies":[{"embeddable":true,"href":"https:\/\/www.bmbf-wax.de\/en\/wp-json\/wp\/v2\/comments?post=2479"}],"version-history":[{"count":2,"href":"https:\/\/www.bmbf-wax.de\/en\/wp-json\/wp\/v2\/posts\/2479\/revisions"}],"predecessor-version":[{"id":2481,"href":"https:\/\/www.bmbf-wax.de\/en\/wp-json\/wp\/v2\/posts\/2479\/revisions\/2481"}],"wp:featuredmedia":[{"embeddable":true,"href":"https:\/\/www.bmbf-wax.de\/en\/wp-json\/wp\/v2\/media\/214"}],"wp:attachment":[{"href":"https:\/\/www.bmbf-wax.de\/en\/wp-json\/wp\/v2\/media?parent=2479"}],"wp:term":[{"taxonomy":"category","embeddable":true,"href":"https:\/\/www.bmbf-wax.de\/en\/wp-json\/wp\/v2\/categories?post=2479"},{"taxonomy":"post_tag","embeddable":true,"href":"https:\/\/www.bmbf-wax.de\/en\/wp-json\/wp\/v2\/tags?post=2479"}],"curies":[{"name":"wp","href":"https:\/\/api.w.org\/{rel}","templated":true}]}}